{"id":7427,"date":"2017-02-07T15:00:51","date_gmt":"2017-02-07T15:00:51","guid":{"rendered":""},"modified":"2017-02-07T15:00:51","modified_gmt":"2017-02-07T15:00:51","slug":"manglares-de-la-laguna-de-las-lajas-al-rescate","status":"publish","type":"post","link":"https:\/\/sertv.gob.pa\/crisolfm\/manglares-de-la-laguna-de-las-lajas-al-rescate\/","title":{"rendered":"Manglares de la laguna de Las Lajas al rescate"},"content":{"rendered":"<p>\nLuego de m\u00e1s de 70 a\u00f1os de estar siendo degradadas por la mano del hombre, unas 150 hect\u00e1reas de humedales de la laguna de Las Lajas, en el distrito de San F\u00e9lix, provincia de Chiriqu\u00ed, son revegetadas con mangle. <\/p>\n<p>La recuperaci\u00f3n de ese ecosistema, importante para la provincia, el medio ambiente y su biodiversidad, forma parte del proyecto de Protecci\u00f3n de Reservas y Sumideros de Carbono en los Manglares y \u00c1reas Protegidas de Panam\u00e1, que Wetlands International desarrolla en el pa\u00eds. <\/p>\n<p>La revegetaci\u00f3n tiene como prop\u00f3sito principal mejorar la capacidad h\u00eddrica de la zona, para que los manglares y el humedal se puedan recuperar de manera m\u00e1s acelerada, ya que seg\u00fan los especialistas est\u00e1 siendo interrumpida desde hace muchos a\u00f1os. <\/p>\n<p>La jornada de siembra de manglares comenz\u00f3 a tempranas horas de la ma\u00f1ana. A eso de las 8:30 a.m. m\u00e1s de 50 personas, \u00a0entre miembros de Wetlands, la red Panamanglar, funcionarios de Ministerio de Ambiente (MiAmbiente), y Autoridad de los Recursos Acu\u00e1ticos (ARAP), activistas, voluntarios y otros acudieron al sitio para participar. <\/p>\n<p>Esta es la tercera jornada de reforestaci\u00f3n que efect\u00faa \u00a0la organizaci\u00f3n en la laguna de Las Lajas, un lugar donde a\u00fan quedan rastros de los viejos troncos de los \u00e1rboles que predominaron en la zona hace cientos de a\u00f1os. <\/p>\n<p>Esta vez se plantaron unos 2,000 prop\u00e1bulos, plantones y semillas de mangle de diversas especies: mangle blanco, rojo, alcornoque y pi\u00f1uelo, explic\u00f3 Sander Carpay, de Wetlands International. <\/p>\n<p>Mientras que en la jornada anterior, en noviembre del a\u00f1o pasado, se plantaron m\u00e1s de 12,000 semillas de mangle. Las semillas han sido producidas en viveros. <\/p>\n<p>A la fecha ya se han sembrado alrededor de m\u00e1s de 12 mil plantones en la laguna de Las Lajas, una zona cuyos terrenos son de propiedad privada (de la familia Carrera y Motta) pero sus due\u00f1os acordaron su recuperaci\u00f3n y cuidado, seg\u00fan Carpay. <\/p>\n<p>\u00a0 <\/p>\n","protected":false},"excerpt":{"rendered":"<p>Luego de m\u00e1s de 70 a\u00f1os de estar siendo degradadas <a href=\"https:\/\/sertv.gob.pa\/crisolfm\/manglares-de-la-laguna-de-las-lajas-al-rescate\/\"> [&#8230;]<\/a><\/p>\n","protected":false},"author":1,"featured_media":7428,"comment_status":"closed","ping_status":"closed","sticky":false,"template":"","format":"standard","meta":{"footnotes":""},"categories":[7],"tags":[],"class_list":["post-7427","post","type-post","status-publish","format-standard","has-post-thumbnail","hentry","category-ecologicas"],"_links":{"self":[{"href":"https:\/\/sertv.gob.pa\/crisolfm\/wp-json\/wp\/v2\/posts\/7427","targetHints":{"allow":["GET"]}}],"collection":[{"href":"https:\/\/sertv.gob.pa\/crisolfm\/wp-json\/wp\/v2\/posts"}],"about":[{"href":"https:\/\/sertv.gob.pa\/crisolfm\/wp-json\/wp\/v2\/types\/post"}],"author":[{"embeddable":true,"href":"https:\/\/sertv.gob.pa\/crisolfm\/wp-json\/wp\/v2\/users\/1"}],"replies":[{"embeddable":true,"href":"https:\/\/sertv.gob.pa\/crisolfm\/wp-json\/wp\/v2\/comments?post=7427"}],"version-history":[{"count":0,"href":"https:\/\/sertv.gob.pa\/crisolfm\/wp-json\/wp\/v2\/posts\/7427\/revisions"}],"wp:featuredmedia":[{"embeddable":true,"href":"https:\/\/sertv.gob.pa\/crisolfm\/wp-json\/wp\/v2\/media\/7428"}],"wp:attachment":[{"href":"https:\/\/sertv.gob.pa\/crisolfm\/wp-json\/wp\/v2\/media?parent=7427"}],"wp:term":[{"taxonomy":"category","embeddable":true,"href":"https:\/\/sertv.gob.pa\/crisolfm\/wp-json\/wp\/v2\/categories?post=7427"},{"taxonomy":"post_tag","embeddable":true,"href":"https:\/\/sertv.gob.pa\/crisolfm\/wp-json\/wp\/v2\/tags?post=7427"}],"curies":[{"name":"wp","href":"https:\/\/api.w.org\/{rel}","templated":true}]}}