{"id":7433,"date":"2017-02-07T15:59:28","date_gmt":"2017-02-07T15:59:28","guid":{"rendered":""},"modified":"2017-02-07T15:59:28","modified_gmt":"2017-02-07T15:59:28","slug":"ventas-de-vehiculos-electricos-cierran-enero-con-una-subida-del-12","status":"publish","type":"post","link":"https:\/\/sertv.gob.pa\/crisolfm\/ventas-de-vehiculos-electricos-cierran-enero-con-una-subida-del-12\/","title":{"rendered":"Ventas de veh\u00edculos el\u00e9ctricos cierran enero con una subida del 12%"},"content":{"rendered":"<p>\nLas matriculaciones de veh\u00edculos el\u00e9ctricos en el mercado espa\u00f1ol alcanzaron un volumen de 271 unidades durante el pasado mes de enero, lo que supone una subida del 11,98% en comparaci\u00f3n con las 242 unidades entregadas en dicho mes de 2016, alcanzando un 0,2% de cuota del mercado total, seg\u00fan datos de la Asociaci\u00f3n Espa\u00f1ola de Fabricantes de Autom\u00f3viles y Camiones (Anfac). <\/p>\n<p>En enero se vendieron 4.276 veh\u00edculos h\u00edbridos en el territorio espa\u00f1ol, lo que se traduce en una fuerte subida del 101,03% respecto a las 2.127 unidades comercializadas en el primer mes del ejercicio precedente. <\/p>\n<p>La organizaci\u00f3n explic\u00f3 que el conjunto del mercado de veh\u00edculos el\u00e9ctricos e h\u00edbridos alcanz\u00f3 en enero un volumen de 4.664 unidades, lo que le permiti\u00f3 hacerse con una penetraci\u00f3n del 4,5% sobre el conjunto de las matriculaciones nacionales. <\/p>\n<p>Anfac se\u00f1al\u00f3 que estas cifras se lograron a pesar de que en Espa\u00f1a no existe ning\u00fan plan de incentivo a la adquisici\u00f3n de este tipo de veh\u00edculos y afirm\u00f3 que, en el caso de los el\u00e9ctricos, \u00abse echa en falta especialmente\u00bb. <\/p>\n<p>As\u00ed, record\u00f3 que, en los per\u00edodos en los que estuvieron vigentes los anteriores planes Movele y Movea, las tasas de crecimiento de las ventas de veh\u00edculos el\u00e9ctricos fueron \u00abrealmente positivas, desplom\u00e1ndose la demanda en el momento en que estos finalizaron\u00bb. <\/p>\n<p>\u00abNo hay que olvidar que la electrificaci\u00f3n del transporte favorece m\u00faltiples aspectos, como la reducci\u00f3n de emisiones de di\u00f3xido de carbono (CO2) o la mejora de la calidad del aire en las \u00e1reas urbanas\u00bb, agreg\u00f3 Anfac. <\/p>\n<p>\u00a0 <\/p>\n<p>\u00a0 <\/p>\n","protected":false},"excerpt":{"rendered":"<p>Las matriculaciones de veh\u00edculos el\u00e9ctricos en el mercado espa\u00f1ol alcanzaron <a href=\"https:\/\/sertv.gob.pa\/crisolfm\/ventas-de-vehiculos-electricos-cierran-enero-con-una-subida-del-12\/\"> [&#8230;]<\/a><\/p>\n","protected":false},"author":1,"featured_media":7434,"comment_status":"closed","ping_status":"closed","sticky":false,"template":"","format":"standard","meta":{"footnotes":""},"categories":[7],"tags":[],"class_list":["post-7433","post","type-post","status-publish","format-standard","has-post-thumbnail","hentry","category-ecologicas"],"_links":{"self":[{"href":"https:\/\/sertv.gob.pa\/crisolfm\/wp-json\/wp\/v2\/posts\/7433","targetHints":{"allow":["GET"]}}],"collection":[{"href":"https:\/\/sertv.gob.pa\/crisolfm\/wp-json\/wp\/v2\/posts"}],"about":[{"href":"https:\/\/sertv.gob.pa\/crisolfm\/wp-json\/wp\/v2\/types\/post"}],"author":[{"embeddable":true,"href":"https:\/\/sertv.gob.pa\/crisolfm\/wp-json\/wp\/v2\/users\/1"}],"replies":[{"embeddable":true,"href":"https:\/\/sertv.gob.pa\/crisolfm\/wp-json\/wp\/v2\/comments?post=7433"}],"version-history":[{"count":0,"href":"https:\/\/sertv.gob.pa\/crisolfm\/wp-json\/wp\/v2\/posts\/7433\/revisions"}],"wp:featuredmedia":[{"embeddable":true,"href":"https:\/\/sertv.gob.pa\/crisolfm\/wp-json\/wp\/v2\/media\/7434"}],"wp:attachment":[{"href":"https:\/\/sertv.gob.pa\/crisolfm\/wp-json\/wp\/v2\/media?parent=7433"}],"wp:term":[{"taxonomy":"category","embeddable":true,"href":"https:\/\/sertv.gob.pa\/crisolfm\/wp-json\/wp\/v2\/categories?post=7433"},{"taxonomy":"post_tag","embeddable":true,"href":"https:\/\/sertv.gob.pa\/crisolfm\/wp-json\/wp\/v2\/tags?post=7433"}],"curies":[{"name":"wp","href":"https:\/\/api.w.org\/{rel}","templated":true}]}}