{"id":7461,"date":"2017-02-09T15:00:30","date_gmt":"2017-02-09T15:00:30","guid":{"rendered":""},"modified":"2017-02-09T15:00:30","modified_gmt":"2017-02-09T15:00:30","slug":"elaboracion-de-nuevo-codigo-ambiental-con-avances-en-la-asamblea","status":"publish","type":"post","link":"https:\/\/sertv.gob.pa\/crisolfm\/elaboracion-de-nuevo-codigo-ambiental-con-avances-en-la-asamblea\/","title":{"rendered":"Elaboraci\u00f3n de nuevo C\u00f3digo Ambiental con avances en la Asamblea"},"content":{"rendered":"<p>\nEl contenido b\u00e1sico del t\u00edtulo preliminar de documento del C\u00f3digo Ambiental de la Rep\u00fablica de Panam\u00e1 fue aprobado ayer, de forma un\u00e1nime, por la comisi\u00f3n codificadora de la Asamblea Nacional que trabaja en la elaboraci\u00f3n del documento. <\/p>\n<p>As\u00ed lo dio a conocer el diputado presidente de esa comisi\u00f3n ambiental, Luis Barr\u00eda, mediante un comunicado de la Asamblea Nacional, en donde adem\u00e1s explic\u00f3 que se avanz\u00f3 igualmente en el libro segundo sobre los recursos naturales y se tiene un avance de un 50% en la estructura b\u00e1sica del C\u00f3digo. <\/p>\n<p>El c\u00f3digo permitir\u00e1 organizar las diversas legislaciones en materia ambiental de Panam\u00e1 para luego presentar un texto \u00fanico del C\u00f3digo Ambiental. Entre las leyes que ser\u00e1n retomadas est\u00e1n la de vida silvestre, ley forestal, el de incentivos forestales, los temas de las faltas administrativas ambientales, leyes que crean \u00e1reas protegidas, estudios de impacto ambiental y dem\u00e1s. <\/p>\n<p>Seg\u00fan Barr\u00eda ser\u00e1 un C\u00f3digo que tendr\u00e1 cuatro libros y el t\u00edtulo preliminar. Asimismo en la pr\u00f3xima sesi\u00f3n extraordinaria se trabajar\u00e1 en los otros dos libros que hacen falta y darle forma de contenido, el perfil y articulado, que es un trabajo de mayor carpinter\u00eda. <\/p>\n<p>Al respecto, el secretario general del Ministerio de Ambiente, F\u00e9lix Wing, indic\u00f3 que la creaci\u00f3n de un C\u00f3digo Ambiental es una oportunidad para integrar la normativas que regulan esta materia en un solo cuerpo de leyes. <\/p>\n<p>Para el secretario general de MiAmbiente es atinada la iniciativa de la Asamblea Nacional de querer elaborar un C\u00f3digo de Ambiente y que el tema ambiental reciba la relevancia y rango que se les ha otorgado a otras materias que han sido codificadas. &lsquo;Con este nuevo C\u00f3digo Panam\u00e1 avanza en materia ambiental&#8217;, destac\u00f3 Wing en el comunicado. <\/p>\n<p>\u00a0 <\/p>\n","protected":false},"excerpt":{"rendered":"<p>El contenido b\u00e1sico del t\u00edtulo preliminar de documento del C\u00f3digo <a href=\"https:\/\/sertv.gob.pa\/crisolfm\/elaboracion-de-nuevo-codigo-ambiental-con-avances-en-la-asamblea\/\"> [&#8230;]<\/a><\/p>\n","protected":false},"author":1,"featured_media":7462,"comment_status":"closed","ping_status":"closed","sticky":false,"template":"","format":"standard","meta":{"footnotes":""},"categories":[7],"tags":[],"class_list":["post-7461","post","type-post","status-publish","format-standard","has-post-thumbnail","hentry","category-ecologicas"],"_links":{"self":[{"href":"https:\/\/sertv.gob.pa\/crisolfm\/wp-json\/wp\/v2\/posts\/7461","targetHints":{"allow":["GET"]}}],"collection":[{"href":"https:\/\/sertv.gob.pa\/crisolfm\/wp-json\/wp\/v2\/posts"}],"about":[{"href":"https:\/\/sertv.gob.pa\/crisolfm\/wp-json\/wp\/v2\/types\/post"}],"author":[{"embeddable":true,"href":"https:\/\/sertv.gob.pa\/crisolfm\/wp-json\/wp\/v2\/users\/1"}],"replies":[{"embeddable":true,"href":"https:\/\/sertv.gob.pa\/crisolfm\/wp-json\/wp\/v2\/comments?post=7461"}],"version-history":[{"count":0,"href":"https:\/\/sertv.gob.pa\/crisolfm\/wp-json\/wp\/v2\/posts\/7461\/revisions"}],"wp:featuredmedia":[{"embeddable":true,"href":"https:\/\/sertv.gob.pa\/crisolfm\/wp-json\/wp\/v2\/media\/7462"}],"wp:attachment":[{"href":"https:\/\/sertv.gob.pa\/crisolfm\/wp-json\/wp\/v2\/media?parent=7461"}],"wp:term":[{"taxonomy":"category","embeddable":true,"href":"https:\/\/sertv.gob.pa\/crisolfm\/wp-json\/wp\/v2\/categories?post=7461"},{"taxonomy":"post_tag","embeddable":true,"href":"https:\/\/sertv.gob.pa\/crisolfm\/wp-json\/wp\/v2\/tags?post=7461"}],"curies":[{"name":"wp","href":"https:\/\/api.w.org\/{rel}","templated":true}]}}