{"id":7463,"date":"2017-02-09T15:26:21","date_gmt":"2017-02-09T15:26:21","guid":{"rendered":""},"modified":"2017-02-09T15:26:21","modified_gmt":"2017-02-09T15:26:21","slug":"el-mar-mediterraneo-ya-sufre-una-subida-de-nivel","status":"publish","type":"post","link":"https:\/\/sertv.gob.pa\/crisolfm\/el-mar-mediterraneo-ya-sufre-una-subida-de-nivel\/","title":{"rendered":"El mar Mediterr\u00e1neo ya sufre una subida de nivel"},"content":{"rendered":"<p>\nEl Cambio Clim\u00e1tico tiene un origen netamente antropog\u00e9nico. Las acciones de los seres humanos han repercutido de forma negativa en el clima mundial, de manera que el efecto invernadero natural se ha visto agravado por el exceso de emisiones de gases, como el C02 y por consiguiente la temperatura tiende a subir a\u00f1o a a\u00f1o. <\/p>\n<p>Las consecuencias de este incremento gradual pero sostenido del nivel del mar ya son una realidad: hace muy pocos d\u00edas y sin haberse recuperado de las tormentas de diciembre pasado, la costa de Catalu\u00f1a se vio asolada por el embate de las olas del Mediterr\u00e1neo que destrozaron playas, paseos mar\u00edtimos y diversas infraestructuras. <\/p>\n<p>Las playas espa\u00f1olas podr\u00edan desaparecer, ciudades como Barcelona, Huelva, C\u00e1diz o M\u00e1laga en la costa mediterr\u00e1nea, se ver\u00edan seriamente afectadas por este fen\u00f3meno, que har\u00eda desaparecer gran parte de la reserva de Do\u00f1ana, del Mar Menor (Murcia), de las salinas de Alicante, de las costas de Valencia y Castell\u00f3n, del delta del Ebro, el valle del Ter y del Golfo de Roses (Girona). <\/p>\n<p>Las costas del norte igualmente se ver\u00edan afectadas, pero de forma m\u00e1s leve, dado que tienen mayor altura, aunque lo que s\u00ed se ver\u00eda acrecentado es el caudal de los cauces de las r\u00edas y los r\u00edos norte\u00f1os que desembocan en el Oc\u00e9ano Atl\u00e1ntico y el Mar Cant\u00e1brico. A nivel mundial, muchas islas (Vanuatu, Maldivas o Nauru), el delta del Nilo y el del Ganges y ciudades como Venecia, Calais, Rotterdam, La Haya, \u00c1msterdam, Nueva Orleans, Tokio o Guayaquil, podr\u00edan casi desaparecer arrasadas por las aguas. <\/p>\n<p>\u00bfQu\u00e9 hacer? Los niveles de emisi\u00f3n de CO2 han bajado globalmente, pero esta disminuci\u00f3n no es suficiente para detener la subida de los niveles del mar, que se cree podr\u00edan llegar a superar los 80 cent\u00edmetros a finales de este siglo. <\/p>\n<p>\u00danicamente creando conciencia de las consecuencias nefastas del consumismo desmedido, de los enormes riesgos de la quema de combustibles f\u00f3siles, de la necesidad de proteger y preservar las costas y los entornos marinos, el ser humano podr\u00e1 revertir los da\u00f1os que ha infringido al \u00fanico planeta que tiene para habitar. <\/p>\n<p>\u00a0 <\/p>\n<p>\u00a0 <\/p>\n","protected":false},"excerpt":{"rendered":"<p>El Cambio Clim\u00e1tico tiene un origen netamente antropog\u00e9nico. Las acciones <a href=\"https:\/\/sertv.gob.pa\/crisolfm\/el-mar-mediterraneo-ya-sufre-una-subida-de-nivel\/\"> [&#8230;]<\/a><\/p>\n","protected":false},"author":1,"featured_media":7464,"comment_status":"closed","ping_status":"closed","sticky":false,"template":"","format":"standard","meta":{"footnotes":""},"categories":[7],"tags":[],"class_list":["post-7463","post","type-post","status-publish","format-standard","has-post-thumbnail","hentry","category-ecologicas"],"_links":{"self":[{"href":"https:\/\/sertv.gob.pa\/crisolfm\/wp-json\/wp\/v2\/posts\/7463","targetHints":{"allow":["GET"]}}],"collection":[{"href":"https:\/\/sertv.gob.pa\/crisolfm\/wp-json\/wp\/v2\/posts"}],"about":[{"href":"https:\/\/sertv.gob.pa\/crisolfm\/wp-json\/wp\/v2\/types\/post"}],"author":[{"embeddable":true,"href":"https:\/\/sertv.gob.pa\/crisolfm\/wp-json\/wp\/v2\/users\/1"}],"replies":[{"embeddable":true,"href":"https:\/\/sertv.gob.pa\/crisolfm\/wp-json\/wp\/v2\/comments?post=7463"}],"version-history":[{"count":0,"href":"https:\/\/sertv.gob.pa\/crisolfm\/wp-json\/wp\/v2\/posts\/7463\/revisions"}],"wp:featuredmedia":[{"embeddable":true,"href":"https:\/\/sertv.gob.pa\/crisolfm\/wp-json\/wp\/v2\/media\/7464"}],"wp:attachment":[{"href":"https:\/\/sertv.gob.pa\/crisolfm\/wp-json\/wp\/v2\/media?parent=7463"}],"wp:term":[{"taxonomy":"category","embeddable":true,"href":"https:\/\/sertv.gob.pa\/crisolfm\/wp-json\/wp\/v2\/categories?post=7463"},{"taxonomy":"post_tag","embeddable":true,"href":"https:\/\/sertv.gob.pa\/crisolfm\/wp-json\/wp\/v2\/tags?post=7463"}],"curies":[{"name":"wp","href":"https:\/\/api.w.org\/{rel}","templated":true}]}}