{"id":7487,"date":"2017-02-13T14:39:28","date_gmt":"2017-02-13T14:39:28","guid":{"rendered":""},"modified":"2017-02-13T14:39:28","modified_gmt":"2017-02-13T14:39:28","slug":"rescatan-a-79-pericos-en-el-salvador","status":"publish","type":"post","link":"https:\/\/sertv.gob.pa\/crisolfm\/rescatan-a-79-pericos-en-el-salvador\/","title":{"rendered":"Rescatan a 79 pericos en El Salvador"},"content":{"rendered":"<p>\nLa Polic\u00eda de El Salvador rescat\u00f3 a 79 polluelos de 2 especies de pericos en riesgo de extinci\u00f3n de manos de supuestos traficantes, manifestaron las autoridades medioambientales. <\/p>\n<p>El Ministerio de Medio Ambiente y Recursos Naturales detall\u00f3 que las aves catalnicas y chocoyos fueron rescatados en los municipios de Zacatecoluca (sureste) y Suchitoto (norte). <\/p>\n<p>El decomiso m\u00e1s numeroso se dio en el cant\u00f3n El Espino de Zacatecoluca, donde 62 aves &lsquo;eran transportadas por sujetos desconocidos que al notar la presencia de las autoridades se dieron a la fuga, dejando tres cajas abandonadas que conten\u00edan los polluelos&#8217;. <\/p>\n<p>La fuente detall\u00f3 que &lsquo;en la revisi\u00f3n m\u00e9dica, los pichones no mostraron se\u00f1ales de golpes o fracturas por lo que se procedi\u00f3 a alimentarlos&#8217; y posteriormente a un albergue temporal en el oriental departamento de Usulut\u00e1n, &lsquo;para su recuperaci\u00f3n y reincorporaci\u00f3n a su h\u00e1bitat&#8217;. <\/p>\n<p>Agreg\u00f3 que algunos polluelos &lsquo;no sobrepasaban el d\u00eda de nacidos&#8217; y &lsquo;otros ya ten\u00edan varias semana de haber salido del cascar\u00f3n&#8217;. <\/p>\n<p>Explic\u00f3 que los animales silvestres que se trafican &lsquo;han sido separados violentamente&#8217; de sus nidos y que &lsquo;9 de cada 10 animales que son alejados de su h\u00e1bitat natural mueren&#8217; antes de ser vendidos como mascotas. <\/p>\n<p>\u00a0 <\/p>\n","protected":false},"excerpt":{"rendered":"<p>La Polic\u00eda de El Salvador rescat\u00f3 a 79 polluelos de <a href=\"https:\/\/sertv.gob.pa\/crisolfm\/rescatan-a-79-pericos-en-el-salvador\/\"> [&#8230;]<\/a><\/p>\n","protected":false},"author":1,"featured_media":7488,"comment_status":"closed","ping_status":"closed","sticky":false,"template":"","format":"standard","meta":{"footnotes":""},"categories":[7],"tags":[],"class_list":["post-7487","post","type-post","status-publish","format-standard","has-post-thumbnail","hentry","category-ecologicas"],"_links":{"self":[{"href":"https:\/\/sertv.gob.pa\/crisolfm\/wp-json\/wp\/v2\/posts\/7487","targetHints":{"allow":["GET"]}}],"collection":[{"href":"https:\/\/sertv.gob.pa\/crisolfm\/wp-json\/wp\/v2\/posts"}],"about":[{"href":"https:\/\/sertv.gob.pa\/crisolfm\/wp-json\/wp\/v2\/types\/post"}],"author":[{"embeddable":true,"href":"https:\/\/sertv.gob.pa\/crisolfm\/wp-json\/wp\/v2\/users\/1"}],"replies":[{"embeddable":true,"href":"https:\/\/sertv.gob.pa\/crisolfm\/wp-json\/wp\/v2\/comments?post=7487"}],"version-history":[{"count":0,"href":"https:\/\/sertv.gob.pa\/crisolfm\/wp-json\/wp\/v2\/posts\/7487\/revisions"}],"wp:featuredmedia":[{"embeddable":true,"href":"https:\/\/sertv.gob.pa\/crisolfm\/wp-json\/wp\/v2\/media\/7488"}],"wp:attachment":[{"href":"https:\/\/sertv.gob.pa\/crisolfm\/wp-json\/wp\/v2\/media?parent=7487"}],"wp:term":[{"taxonomy":"category","embeddable":true,"href":"https:\/\/sertv.gob.pa\/crisolfm\/wp-json\/wp\/v2\/categories?post=7487"},{"taxonomy":"post_tag","embeddable":true,"href":"https:\/\/sertv.gob.pa\/crisolfm\/wp-json\/wp\/v2\/tags?post=7487"}],"curies":[{"name":"wp","href":"https:\/\/api.w.org\/{rel}","templated":true}]}}