{"id":7491,"date":"2017-02-13T15:24:59","date_gmt":"2017-02-13T15:24:59","guid":{"rendered":""},"modified":"2017-02-13T15:24:59","modified_gmt":"2017-02-13T15:24:59","slug":"el-parque-nacional-volcan-baru-cierra-temporalmente","status":"publish","type":"post","link":"https:\/\/sertv.gob.pa\/crisolfm\/el-parque-nacional-volcan-baru-cierra-temporalmente\/","title":{"rendered":"El parque Nacional Volc\u00e1n Bar\u00fa cierra temporalmente"},"content":{"rendered":"<p>\nDebido a las r\u00e1fagas de vientos que alcanzan los 60 kil\u00f3metros por hora en la provincia de Chiriqu\u00ed, el Ministerio de Ambiente anunci\u00f3 el cierre temporal a turistas y nacionales del Parque Nacional Volc\u00e1n Bar\u00fa hasta que las condiciones mejoren, por temas de seguridad. <\/p>\n<p>\u00abLa entrada hacia la cima del volc\u00e1n en el Parque Nacional Volc\u00e1n Bar\u00fa (PNVB) por el \u00e1rea de Los Llanos, en el corregimiento de Volc\u00e1n, en el distrito de Tierras Altas, se ha suspendido hasta que las condiciones climatol\u00f3gicas mejoren\u00bb, confirm\u00f3 la directora regional del Ministerio de Ambiente, Yilka Aguirre. <\/p>\n<p>Expres\u00f3 que se mantienen los guardaparques en las entradas de todos los caminos y senderos del parque para garantizar que los turistas no puedan ingresar a la zona. <\/p>\n<p>Agreg\u00f3 que se efect\u00faan monitoreos en el resto de las \u00e1reas protegidas debido a la fuerte brisa y al riesgo de que personas inescrupulosas puedan ocasionar alg\u00fan incendio dentro de estas zonas. <\/p>\n<p>Por su parte, el Centro de Operaciones de Emergencia Nacional, que funciona en la sede del Sinaproc, emiti\u00f3 un aviso de prevenci\u00f3n por la intensificaci\u00f3n de vientos por las pr\u00f3ximas 48 horas debido a la incursi\u00f3n de vientos alisios t\u00edpicos de la temporada seca en el pa\u00eds, y que fueron confirmados por el Departamento de Hidrometeorolog\u00eda de Etesa. <\/p>\n<p>Debido a estas condiciones, la alerta se extiende a las playas donde se pueden generar olas de 2 metros de altura, por lo cual se le hace un llamado a la poblaci\u00f3n para tomar las medidas de seguridad. <\/p>\n<p>El Sinaproc recomienda durante condiciones de r\u00e1fagas de viento, ubicarse en sitios seguros no propensos a desprendimientos de objetos o \u00e1rboles. <\/p>\n<p>En Chiriqu\u00ed se han registrado 8 ca\u00eddas de \u00e1rboles y el desprendimiento del techo de una casa en la provincia de Chiriqu\u00ed. <\/p>\n<p>\u00a0 <\/p>\n","protected":false},"excerpt":{"rendered":"<p>Debido a las r\u00e1fagas de vientos que alcanzan los 60 <a href=\"https:\/\/sertv.gob.pa\/crisolfm\/el-parque-nacional-volcan-baru-cierra-temporalmente\/\"> [&#8230;]<\/a><\/p>\n","protected":false},"author":1,"featured_media":7492,"comment_status":"closed","ping_status":"closed","sticky":false,"template":"","format":"standard","meta":{"footnotes":""},"categories":[7],"tags":[],"class_list":["post-7491","post","type-post","status-publish","format-standard","has-post-thumbnail","hentry","category-ecologicas"],"_links":{"self":[{"href":"https:\/\/sertv.gob.pa\/crisolfm\/wp-json\/wp\/v2\/posts\/7491","targetHints":{"allow":["GET"]}}],"collection":[{"href":"https:\/\/sertv.gob.pa\/crisolfm\/wp-json\/wp\/v2\/posts"}],"about":[{"href":"https:\/\/sertv.gob.pa\/crisolfm\/wp-json\/wp\/v2\/types\/post"}],"author":[{"embeddable":true,"href":"https:\/\/sertv.gob.pa\/crisolfm\/wp-json\/wp\/v2\/users\/1"}],"replies":[{"embeddable":true,"href":"https:\/\/sertv.gob.pa\/crisolfm\/wp-json\/wp\/v2\/comments?post=7491"}],"version-history":[{"count":0,"href":"https:\/\/sertv.gob.pa\/crisolfm\/wp-json\/wp\/v2\/posts\/7491\/revisions"}],"wp:featuredmedia":[{"embeddable":true,"href":"https:\/\/sertv.gob.pa\/crisolfm\/wp-json\/wp\/v2\/media\/7492"}],"wp:attachment":[{"href":"https:\/\/sertv.gob.pa\/crisolfm\/wp-json\/wp\/v2\/media?parent=7491"}],"wp:term":[{"taxonomy":"category","embeddable":true,"href":"https:\/\/sertv.gob.pa\/crisolfm\/wp-json\/wp\/v2\/categories?post=7491"},{"taxonomy":"post_tag","embeddable":true,"href":"https:\/\/sertv.gob.pa\/crisolfm\/wp-json\/wp\/v2\/tags?post=7491"}],"curies":[{"name":"wp","href":"https:\/\/api.w.org\/{rel}","templated":true}]}}