{"id":7505,"date":"2017-02-14T14:51:06","date_gmt":"2017-02-14T14:51:06","guid":{"rendered":""},"modified":"2017-02-14T14:51:06","modified_gmt":"2017-02-14T14:51:06","slug":"buena-audicion-ya-tenian-los-antepasados-de-ballenas-barbadas","status":"publish","type":"post","link":"https:\/\/sertv.gob.pa\/crisolfm\/buena-audicion-ya-tenian-los-antepasados-de-ballenas-barbadas\/","title":{"rendered":"Buena audici\u00f3n ya ten\u00edan los antepasados de ballenas barbadas"},"content":{"rendered":"<p>\nLos antepasados prehist\u00f3ricos de las ballenas barbadas ya ten\u00edan un extraordinario sentido del o\u00eddo antes de que desarrollaran su gigantesco tama\u00f1o y comenzaran a alimentarse por filtraci\u00f3n, informaron fuentes cient\u00edficas. <\/p>\n<p>Los misticenos (Mysticeti) o ballenas barbadas miden unos 30 metros de longitud, lo que los convierte en los animales m\u00e1s grandes del planeta, consumen diariamente cuatro toneladas de krill y son capaces de o\u00edr las frecuencias m\u00e1s bajas captadas por un mam\u00edfero. <\/p>\n<p>Cient\u00edficos del Museo Victoria y la Universidad Monash, en Australia, descubrieron que los misticenos han sido capaces de captar estos sonidos de baja frecuencia durante toda su historia evolutiva, en un estudio publicado en la revista Proceedings of the Royal Society B. <\/p>\n<p>La investigaci\u00f3n determin\u00f3 por primera vez lo que o\u00edan los antepasados con el an\u00e1lisis de la anatom\u00eda de f\u00f3siles del caracol del o\u00eddo de ejemplares prehist\u00f3ricos como los basilos\u00e1uridos (Basilosauridae), unos cet\u00e1ceos extintos que habitaron el planeta hace unos 23 millones de a\u00f1os. <\/p>\n<p>\u00a0 <\/p>\n","protected":false},"excerpt":{"rendered":"<p>Los antepasados prehist\u00f3ricos de las ballenas barbadas ya ten\u00edan un <a href=\"https:\/\/sertv.gob.pa\/crisolfm\/buena-audicion-ya-tenian-los-antepasados-de-ballenas-barbadas\/\"> [&#8230;]<\/a><\/p>\n","protected":false},"author":1,"featured_media":7506,"comment_status":"closed","ping_status":"closed","sticky":false,"template":"","format":"standard","meta":{"footnotes":""},"categories":[7],"tags":[],"class_list":["post-7505","post","type-post","status-publish","format-standard","has-post-thumbnail","hentry","category-ecologicas"],"_links":{"self":[{"href":"https:\/\/sertv.gob.pa\/crisolfm\/wp-json\/wp\/v2\/posts\/7505","targetHints":{"allow":["GET"]}}],"collection":[{"href":"https:\/\/sertv.gob.pa\/crisolfm\/wp-json\/wp\/v2\/posts"}],"about":[{"href":"https:\/\/sertv.gob.pa\/crisolfm\/wp-json\/wp\/v2\/types\/post"}],"author":[{"embeddable":true,"href":"https:\/\/sertv.gob.pa\/crisolfm\/wp-json\/wp\/v2\/users\/1"}],"replies":[{"embeddable":true,"href":"https:\/\/sertv.gob.pa\/crisolfm\/wp-json\/wp\/v2\/comments?post=7505"}],"version-history":[{"count":0,"href":"https:\/\/sertv.gob.pa\/crisolfm\/wp-json\/wp\/v2\/posts\/7505\/revisions"}],"wp:featuredmedia":[{"embeddable":true,"href":"https:\/\/sertv.gob.pa\/crisolfm\/wp-json\/wp\/v2\/media\/7506"}],"wp:attachment":[{"href":"https:\/\/sertv.gob.pa\/crisolfm\/wp-json\/wp\/v2\/media?parent=7505"}],"wp:term":[{"taxonomy":"category","embeddable":true,"href":"https:\/\/sertv.gob.pa\/crisolfm\/wp-json\/wp\/v2\/categories?post=7505"},{"taxonomy":"post_tag","embeddable":true,"href":"https:\/\/sertv.gob.pa\/crisolfm\/wp-json\/wp\/v2\/tags?post=7505"}],"curies":[{"name":"wp","href":"https:\/\/api.w.org\/{rel}","templated":true}]}}