{"id":7511,"date":"2017-02-14T15:56:19","date_gmt":"2017-02-14T15:56:19","guid":{"rendered":""},"modified":"2017-02-14T15:56:19","modified_gmt":"2017-02-14T15:56:19","slug":"catalunya-en-espana-prohibira-durante-10-anos-la-extraccion-de-coral","status":"publish","type":"post","link":"https:\/\/sertv.gob.pa\/crisolfm\/catalunya-en-espana-prohibira-durante-10-anos-la-extraccion-de-coral\/","title":{"rendered":"Catalunya en Espa\u00f1a prohibir\u00e1 durante 10 a\u00f1os la extracci\u00f3n de coral"},"content":{"rendered":"<p>\nLa Generalitat publicar\u00e1 una orden en los pr\u00f3ximos d\u00edas que establece una moratoria en la extracci\u00f3n de diez a\u00f1os renovables a partir de 2018, precedida de una reducci\u00f3n del 50% de las licencias para la campa\u00f1a de este a\u00f1o &#8211;otorgar\u00e1 cinco&#8211; para evitar que Catalunya pierda sus \u00faltimas colonias de coral rojo. <\/p>\n<p>La moratoria ir\u00e1 acompa\u00f1ada de un seguimiento cient\u00edfico de las poblaciones, que determinar\u00e1 las acciones a tomar a partir de 2028, ha informado este lunes la Conselleria de Agricultura, Ganader\u00eda, Pesca y Alimentaci\u00f3n de la Generalitat en un comunicado. <\/p>\n<p>La direcci\u00f3n general de Pesca y Asuntos Mar\u00edtimos ha adoptado estas medidas tras encargar a un grupo de 14 cient\u00edficos adscritos a centros de investigaci\u00f3n de Catalunya, Francia y Estados Unidos un informe sobre la situaci\u00f3n de las \u00faltimas poblaciones catalanes de coral rojo, con recomendaciones sobre gesti\u00f3n. <\/p>\n<p>Los cient\u00edficos han concluido que el 90% de las poblaciones de coral en aguas catalanas evidencian un \u00abestado de conservaci\u00f3n cr\u00edtico\u00bb, y han determinado que la recuperaci\u00f3n de las poblaciones \u00fanicamente es posible en ausencia de actividades extractivas y que se requieren m\u00e1s de 30 a\u00f1os para alcanzar un buen nivel de conservaci\u00f3n. Por todo ello, este equipo cient\u00edfico recomienda la declaraci\u00f3n de una moratoria de la extracci\u00f3n de coral en toda la costa catalana de 20 a\u00f1os renovables. <\/p>\n<p>\u00a0 <\/p>\n<p>\u00a0 <\/p>\n","protected":false},"excerpt":{"rendered":"<p>La Generalitat publicar\u00e1 una orden en los pr\u00f3ximos d\u00edas que <a href=\"https:\/\/sertv.gob.pa\/crisolfm\/catalunya-en-espana-prohibira-durante-10-anos-la-extraccion-de-coral\/\"> [&#8230;]<\/a><\/p>\n","protected":false},"author":1,"featured_media":7512,"comment_status":"closed","ping_status":"closed","sticky":false,"template":"","format":"standard","meta":{"footnotes":""},"categories":[7],"tags":[],"class_list":["post-7511","post","type-post","status-publish","format-standard","has-post-thumbnail","hentry","category-ecologicas"],"_links":{"self":[{"href":"https:\/\/sertv.gob.pa\/crisolfm\/wp-json\/wp\/v2\/posts\/7511","targetHints":{"allow":["GET"]}}],"collection":[{"href":"https:\/\/sertv.gob.pa\/crisolfm\/wp-json\/wp\/v2\/posts"}],"about":[{"href":"https:\/\/sertv.gob.pa\/crisolfm\/wp-json\/wp\/v2\/types\/post"}],"author":[{"embeddable":true,"href":"https:\/\/sertv.gob.pa\/crisolfm\/wp-json\/wp\/v2\/users\/1"}],"replies":[{"embeddable":true,"href":"https:\/\/sertv.gob.pa\/crisolfm\/wp-json\/wp\/v2\/comments?post=7511"}],"version-history":[{"count":0,"href":"https:\/\/sertv.gob.pa\/crisolfm\/wp-json\/wp\/v2\/posts\/7511\/revisions"}],"wp:featuredmedia":[{"embeddable":true,"href":"https:\/\/sertv.gob.pa\/crisolfm\/wp-json\/wp\/v2\/media\/7512"}],"wp:attachment":[{"href":"https:\/\/sertv.gob.pa\/crisolfm\/wp-json\/wp\/v2\/media?parent=7511"}],"wp:term":[{"taxonomy":"category","embeddable":true,"href":"https:\/\/sertv.gob.pa\/crisolfm\/wp-json\/wp\/v2\/categories?post=7511"},{"taxonomy":"post_tag","embeddable":true,"href":"https:\/\/sertv.gob.pa\/crisolfm\/wp-json\/wp\/v2\/tags?post=7511"}],"curies":[{"name":"wp","href":"https:\/\/api.w.org\/{rel}","templated":true}]}}