{"id":7525,"date":"2017-02-15T15:31:09","date_gmt":"2017-02-15T15:31:09","guid":{"rendered":""},"modified":"2017-02-15T15:31:09","modified_gmt":"2017-02-15T15:31:09","slug":"inyectaran-dineros-en-contra-de-la-deforestacion-en-colombia","status":"publish","type":"post","link":"https:\/\/sertv.gob.pa\/crisolfm\/inyectaran-dineros-en-contra-de-la-deforestacion-en-colombia\/","title":{"rendered":"Inyectar\u00e1n dineros en contra de la deforestaci\u00f3n en Colombia"},"content":{"rendered":"<p>\nEl presidente de Colombia, Juan Manuel Santos, present\u00f3 este martes el \u00abFondo Colombia Sostenible\u00bb  que recaudar\u00e1 en los primeros tres a\u00f1os 210 millones de d\u00f3lares , una iniciativa para disminuir la deforestaci\u00f3n en las \u00e1reas afectadas por el conflicto armado y que permitir\u00e1 cumplir las metas de la COP21. <\/p>\n<p>\u00abEl fondo maximizar\u00e1 los dividendos ambientales de la paz y ayudar\u00e1 a reparar el da\u00f1o ambiental que nos ha dejado el conflicto\u00bb, expres\u00f3 Santos en una declaraci\u00f3n en la Casa de Nari\u00f1o, sede del Ejecutivo. <\/p>\n<p>Tambi\u00e9n, agradeci\u00f3 a los pa\u00edses donantes que han aportado al fondo como  Alemania, Noruega, el Reino Unido, Canad\u00e1, Corea del Sur, Espa\u00f1a, Estados Unidos, Francia, Italia, Jap\u00f3n, Suecia y Suiza.  <\/p>\n<p>La iniciativa igualmente recibir\u00e1 capital de la Agencia de Estados Unidos para el Desarrollo Internacional (Usaid), las Naciones Unidas, la Uni\u00f3n Europea, el Banco Mundial, el Banco Interamericano de Desarrollo (BID) y la Agencia Francesa de Desarrollo (AFD). <\/p>\n<p>Por su parte, el presidente del BID, Luis Alberto Moreno, asever\u00f3 que aunque Colombia ha logrado la paz entre los ciudadanos, \u00abno es menos cierto que tenemos que buscar la paz con la naturaleza\u00bb. <\/p>\n<p>Moreno asimismo manifest\u00f3 su deseo de que el fondo llegue a tener 500 millones de d\u00f3lares en los pr\u00f3ximos cinco a\u00f1os y destac\u00f3 que pocos pa\u00edses del mundo \u00abest\u00e1n pensando en los siguientes quince a\u00f1os\u00bb como lo hace Colombia con este proyecto. <\/p>\n<p>\u00a0 <\/p>\n","protected":false},"excerpt":{"rendered":"<p>El presidente de Colombia, Juan Manuel Santos, present\u00f3 este martes <a href=\"https:\/\/sertv.gob.pa\/crisolfm\/inyectaran-dineros-en-contra-de-la-deforestacion-en-colombia\/\"> [&#8230;]<\/a><\/p>\n","protected":false},"author":1,"featured_media":7526,"comment_status":"closed","ping_status":"closed","sticky":false,"template":"","format":"standard","meta":{"footnotes":""},"categories":[7],"tags":[],"class_list":["post-7525","post","type-post","status-publish","format-standard","has-post-thumbnail","hentry","category-ecologicas"],"_links":{"self":[{"href":"https:\/\/sertv.gob.pa\/crisolfm\/wp-json\/wp\/v2\/posts\/7525","targetHints":{"allow":["GET"]}}],"collection":[{"href":"https:\/\/sertv.gob.pa\/crisolfm\/wp-json\/wp\/v2\/posts"}],"about":[{"href":"https:\/\/sertv.gob.pa\/crisolfm\/wp-json\/wp\/v2\/types\/post"}],"author":[{"embeddable":true,"href":"https:\/\/sertv.gob.pa\/crisolfm\/wp-json\/wp\/v2\/users\/1"}],"replies":[{"embeddable":true,"href":"https:\/\/sertv.gob.pa\/crisolfm\/wp-json\/wp\/v2\/comments?post=7525"}],"version-history":[{"count":0,"href":"https:\/\/sertv.gob.pa\/crisolfm\/wp-json\/wp\/v2\/posts\/7525\/revisions"}],"wp:featuredmedia":[{"embeddable":true,"href":"https:\/\/sertv.gob.pa\/crisolfm\/wp-json\/wp\/v2\/media\/7526"}],"wp:attachment":[{"href":"https:\/\/sertv.gob.pa\/crisolfm\/wp-json\/wp\/v2\/media?parent=7525"}],"wp:term":[{"taxonomy":"category","embeddable":true,"href":"https:\/\/sertv.gob.pa\/crisolfm\/wp-json\/wp\/v2\/categories?post=7525"},{"taxonomy":"post_tag","embeddable":true,"href":"https:\/\/sertv.gob.pa\/crisolfm\/wp-json\/wp\/v2\/tags?post=7525"}],"curies":[{"name":"wp","href":"https:\/\/api.w.org\/{rel}","templated":true}]}}