{"id":7539,"date":"2017-02-16T15:12:05","date_gmt":"2017-02-16T15:12:05","guid":{"rendered":""},"modified":"2017-02-16T15:12:05","modified_gmt":"2017-02-16T15:12:05","slug":"nicaragua-es-azotada-por-la-sequia","status":"publish","type":"post","link":"https:\/\/sertv.gob.pa\/crisolfm\/nicaragua-es-azotada-por-la-sequia\/","title":{"rendered":"Nicaragua es azotada por la sequ\u00eda"},"content":{"rendered":"<p>\nLas zonas secas de Nicaragua est\u00e1n enfrentando problemas a causa de la escasez de agua, que se agudiza en esta \u00e9poca del a\u00f1o, dio a conocer la Mesa Nacional para la Gesti\u00f3n del Riesgo (MNGR). <\/p>\n<p>&lsquo;Se ha incrementado la escasez de agua, principalmente en la zona central y del Pac\u00edfico, estamos analizando tambi\u00e9n que el corredor seco sigue siendo motivo de mucha preocupaci\u00f3n&#8217;, manifest\u00f3 a periodistas el representante del Centro Humboldt y miembro de la MNGR, V\u00edctor Campos. <\/p>\n<p>Al menos 40 pozos comunitarios, cada uno fabricado para abastecer a decenas de familias, ya se han secado en la zona noroeste de Nicaragua, detall\u00f3 la MNGR. &lsquo;Los acueductos administrados por las comunidades tienen problemas y eso es fuerte porque se trata del acceso al agua de consumo humano&#8217;, afirm\u00f3 el coordinador de la MNGR, Denis Mel\u00e9ndez. <\/p>\n<p>Aunque la \u00faltima temporada h\u00fameda (2016) present\u00f3 lluvias en los rangos normales, \u00e9stas no fueron suficientes para que las fuentes de agua se recuperaran de la sequ\u00eda que se extendi\u00f3 desde noviembre de 2013 hasta abril del a\u00f1o pasado, sostuvieron los dirigentes de la MNGR. Como resultado, 70,000 familias campesinas que habitan en ocho departamentos de Nicaragua est\u00e1n sufriendo por falta de agua potable, seg\u00fan la MNGR. <\/p>\n<p>El problema del agua entre los campesinos es doble, seg\u00fan Campos, porque no s\u00f3lo se trata de agua para beber y la salud, sino igualmente para la seguridad alimentaria, ya que en las zonas rurales se vive de las siembras. <\/p>\n<p>La situaci\u00f3n se pone &lsquo;tensa&#8217; porque faltan los d\u00edas m\u00e1s fuertes de la estaci\u00f3n seca, que se extiende hasta mayo, y ante la posibilidad de que este a\u00f1o retorne el fen\u00f3meno El Ni\u00f1o, que trae sequ\u00eda a la mayor parte del territorio nicarag\u00fcense, a\u00f1adieron los miembros de la MNGR. <\/p>\n<p>La agricultura representa del 18 % al 20 % del PIB de Nicaragua, seg\u00fan el Ministerio de Agricultura y Ganader\u00eda. <\/p>\n<p>El embajador de la Uni\u00f3n Europea (UE), en Nicaragua, Kenny Bell, anunci\u00f3 la semana pasada una donaci\u00f3n de $10 millones de euros para apoyar a las familias afectadas por las sequ\u00edas durante el inicio del programa &lsquo;Respuesta al fen\u00f3meno de El Ni\u00f1o en el corredor seco&#8217;. <\/p>\n<p>\u00a0 <\/p>\n","protected":false},"excerpt":{"rendered":"<p>Las zonas secas de Nicaragua est\u00e1n enfrentando problemas a causa <a href=\"https:\/\/sertv.gob.pa\/crisolfm\/nicaragua-es-azotada-por-la-sequia\/\"> [&#8230;]<\/a><\/p>\n","protected":false},"author":1,"featured_media":7540,"comment_status":"closed","ping_status":"closed","sticky":false,"template":"","format":"standard","meta":{"footnotes":""},"categories":[7],"tags":[],"class_list":["post-7539","post","type-post","status-publish","format-standard","has-post-thumbnail","hentry","category-ecologicas"],"_links":{"self":[{"href":"https:\/\/sertv.gob.pa\/crisolfm\/wp-json\/wp\/v2\/posts\/7539","targetHints":{"allow":["GET"]}}],"collection":[{"href":"https:\/\/sertv.gob.pa\/crisolfm\/wp-json\/wp\/v2\/posts"}],"about":[{"href":"https:\/\/sertv.gob.pa\/crisolfm\/wp-json\/wp\/v2\/types\/post"}],"author":[{"embeddable":true,"href":"https:\/\/sertv.gob.pa\/crisolfm\/wp-json\/wp\/v2\/users\/1"}],"replies":[{"embeddable":true,"href":"https:\/\/sertv.gob.pa\/crisolfm\/wp-json\/wp\/v2\/comments?post=7539"}],"version-history":[{"count":0,"href":"https:\/\/sertv.gob.pa\/crisolfm\/wp-json\/wp\/v2\/posts\/7539\/revisions"}],"wp:featuredmedia":[{"embeddable":true,"href":"https:\/\/sertv.gob.pa\/crisolfm\/wp-json\/wp\/v2\/media\/7540"}],"wp:attachment":[{"href":"https:\/\/sertv.gob.pa\/crisolfm\/wp-json\/wp\/v2\/media?parent=7539"}],"wp:term":[{"taxonomy":"category","embeddable":true,"href":"https:\/\/sertv.gob.pa\/crisolfm\/wp-json\/wp\/v2\/categories?post=7539"},{"taxonomy":"post_tag","embeddable":true,"href":"https:\/\/sertv.gob.pa\/crisolfm\/wp-json\/wp\/v2\/tags?post=7539"}],"curies":[{"name":"wp","href":"https:\/\/api.w.org\/{rel}","templated":true}]}}