{"id":7545,"date":"2017-02-16T20:56:48","date_gmt":"2017-02-16T20:56:48","guid":{"rendered":""},"modified":"2017-02-16T20:56:48","modified_gmt":"2017-02-16T20:56:48","slug":"en-espana-solo-quedan-quinientos-ejemplares-de-vison-europeo","status":"publish","type":"post","link":"https:\/\/sertv.gob.pa\/crisolfm\/en-espana-solo-quedan-quinientos-ejemplares-de-vison-europeo\/","title":{"rendered":"En Espa\u00f1a solo quedan quinientos ejemplares de vis\u00f3n europeo"},"content":{"rendered":"<p>\nWWF ha lanzado este mi\u00e9rcoles la campa\u00f1a &#8216;#Menosde500&#8217; para salvar al vis\u00f3n europeo de su extinci\u00f3n \u00abinminente\u00bb en Espa\u00f1a, donde apenas quedan 500 ejemplares y advierte al Gobierno y a las comunidades aut\u00f3nomas de que si no act\u00faan ya, la especie desaparecer\u00e1 en menos de un lustro. <\/p>\n<p>La campa\u00f1a recabar\u00e1 firmas para exigir a la ministra de Agricultura y Pesca, Alimentaci\u00f3n y Medio Ambiente, Isabel Garc\u00eda Tejerina, que declare como &#8216;Especie en situaci\u00f3n cr\u00edtica&#8217; a este carn\u00edvoro, el m\u00e1s amenazado de Europa junto al lince ib\u00e9rico. Junto con esta declaraci\u00f3n, apela a la ministra para que asigne inmediatamente recursos econ\u00f3micos para poner en marcha un plan de emergencia que logre evitar su extinci\u00f3n en el plazo de cinco a\u00f1os. <\/p>\n<p>Con la campa\u00f1a &#8216;Salva al vis\u00f3n europeo de la extinci\u00f3n&#8217; WWF advierte de la \u00abdram\u00e1tica\u00bb situaci\u00f3n de este carn\u00edvoro que ha perdido un 90 por ciento de su \u00e1rea de distribuci\u00f3n original en todo el mundo. <\/p>\n<p>La ONG lamenta que si se deja desaparecer al vis\u00f3n europeo, Espa\u00f1a se quedar\u00e1 sin una especie emblem\u00e1tica de la fauna aut\u00f3ctona que, adem\u00e1s act\u00faa como buen indicador de la calidad de los r\u00edos. En todo caso, en un comunicado \u00abreconoce y valora\u00bb el esfuerzo de algunas comunidades aut\u00f3nomas, como Arag\u00f3n, Castilla y Le\u00f3n, Catalu\u00f1a, La Rioja, Navarra y Pa\u00eds Vasco, as\u00ed como de algunas organizaciones para salvar la especie. Si bien, exige al Gobierno que act\u00fae de forma urgente, ponga en marcha un Plan de emergencia y comprometa recursos para garantizar a largo plazo la conservaci\u00f3n de esta especie y coordinar las actuaciones en las regiones donde habita. <\/p>\n<p>Para la ONG este plan debe incluir un censo nacional del vis\u00f3n europeo para conocer con mayor exactitud el n\u00famero de ejemplares que quedan en la actualidad, pues el \u00faltimo tiene m\u00e1s de 15 a\u00f1os. Tambi\u00e9n recomienda crear un &#8216;Centro unificado de cr\u00eda en cautividad del vis\u00f3n europeo&#8217;, como el que ya existe para el lince ib\u00e9rico en Espa\u00f1a y que ha contribuido a multiplicar por cinco los escasos felinos que quedaban en los a\u00f1os 90. Tambi\u00e9n aconseja poner en marcha acciones de conservaci\u00f3n sobre el terreno que incluyan un control efectivo de las poblaciones de vis\u00f3n americano, una especie invasora que representa su principal amenaza. <\/p>\n<p>Para el responsable del programa de especies de WWF Espa\u00f1a, Luis Su\u00e1rez, si ha sido posible frenar la ca\u00edda de las poblaciones de lince y empezar a recuperar sus poblaciones, tambi\u00e9n ser\u00e1 posible \u00abpoder hacerlo con \u00abel lince de los r\u00edos\u00bb y evitar su extinci\u00f3n. Por ello, insiste en pedir al Ministerio que ejerza \u00absus competencias y responsabilidad en materia de especies en peligro de extinci\u00f3n\u00bb y act\u00fae forma urgente, ya que al vis\u00f3n europeo solo le quedan cinco a\u00f1os de existencia. \u00abEl futuro de esta especie est\u00e1 en manos de quienes tienen el compromiso de decidir y Espa\u00f1a tiene una gran responsabilidad, ya que alberga una de las \u00faltimas poblaciones a nivel europeo. Aunque la situaci\u00f3n es muy cr\u00edtica, todav\u00eda estamos a tiempo de salvar a la especie\u00bb, ha concluido. <\/p>\n<p>\u00a0 <\/p>\n<p>\u00a0 <\/p>\n","protected":false},"excerpt":{"rendered":"<p>WWF ha lanzado este mi\u00e9rcoles la campa\u00f1a &#8216;#Menosde500&#8217; para salvar <a href=\"https:\/\/sertv.gob.pa\/crisolfm\/en-espana-solo-quedan-quinientos-ejemplares-de-vison-europeo\/\"> [&#8230;]<\/a><\/p>\n","protected":false},"author":1,"featured_media":7546,"comment_status":"closed","ping_status":"closed","sticky":false,"template":"","format":"standard","meta":{"footnotes":""},"categories":[7],"tags":[],"class_list":["post-7545","post","type-post","status-publish","format-standard","has-post-thumbnail","hentry","category-ecologicas"],"_links":{"self":[{"href":"https:\/\/sertv.gob.pa\/crisolfm\/wp-json\/wp\/v2\/posts\/7545","targetHints":{"allow":["GET"]}}],"collection":[{"href":"https:\/\/sertv.gob.pa\/crisolfm\/wp-json\/wp\/v2\/posts"}],"about":[{"href":"https:\/\/sertv.gob.pa\/crisolfm\/wp-json\/wp\/v2\/types\/post"}],"author":[{"embeddable":true,"href":"https:\/\/sertv.gob.pa\/crisolfm\/wp-json\/wp\/v2\/users\/1"}],"replies":[{"embeddable":true,"href":"https:\/\/sertv.gob.pa\/crisolfm\/wp-json\/wp\/v2\/comments?post=7545"}],"version-history":[{"count":0,"href":"https:\/\/sertv.gob.pa\/crisolfm\/wp-json\/wp\/v2\/posts\/7545\/revisions"}],"wp:featuredmedia":[{"embeddable":true,"href":"https:\/\/sertv.gob.pa\/crisolfm\/wp-json\/wp\/v2\/media\/7546"}],"wp:attachment":[{"href":"https:\/\/sertv.gob.pa\/crisolfm\/wp-json\/wp\/v2\/media?parent=7545"}],"wp:term":[{"taxonomy":"category","embeddable":true,"href":"https:\/\/sertv.gob.pa\/crisolfm\/wp-json\/wp\/v2\/categories?post=7545"},{"taxonomy":"post_tag","embeddable":true,"href":"https:\/\/sertv.gob.pa\/crisolfm\/wp-json\/wp\/v2\/tags?post=7545"}],"curies":[{"name":"wp","href":"https:\/\/api.w.org\/{rel}","templated":true}]}}