{"id":7577,"date":"2017-02-20T15:38:20","date_gmt":"2017-02-20T15:38:20","guid":{"rendered":""},"modified":"2017-02-20T15:38:20","modified_gmt":"2017-02-20T15:38:20","slug":"prados-marinos-de-algas-disminuyen-contaminacion-marina","status":"publish","type":"post","link":"https:\/\/sertv.gob.pa\/crisolfm\/prados-marinos-de-algas-disminuyen-contaminacion-marina\/","title":{"rendered":"Prados marinos de algas disminuyen contaminaci\u00f3n marina"},"content":{"rendered":"<p>\nSeg\u00fan un estudio publicado en la revista Science los prados marinos de algas ayudan a reducir la presencia de bacterias contaminantes en mares y oc\u00e9anos, una virtud que les convierte en salvavidas de corales y otras criaturas acu\u00e1ticas. <\/p>\n<p>Aunque las propiedades de las algas se conocen desde hace tiempo, el estudio elaborado por investigadores de la Universidad de Cornell (Nueva York) revela que las zonas acu\u00e1ticas con prados marinos registran hasta la mitad de contaminaci\u00f3n que el resto. <\/p>\n<p>&lsquo;Parece que los prados marinos combaten las bacterias, y este es el primer estudio que eval\u00faa c\u00f3mo ese ecosistema costero alivia las enfermedades asociadas a los organismos marinos&#8217;, expres\u00f3 en un comunicado Joleah Lamb, que lider\u00f3 la investigaci\u00f3n. <\/p>\n<p>Todo comenz\u00f3 con otro estudio en las islas Spermonde, en el centro de Indonesia, cuando todos los investigadores que analizaban la salud de los corales cayeron enfermos de disenter\u00eda y otro de fiebre tifoidea. &lsquo;Experiment\u00e9 de primera mano c\u00f3mo las amenazas a la salud de los humanos y de los corales est\u00e1n relacionadas&#8217;, explic\u00f3 el bi\u00f3logo Drew Harvell, de la Universidad de Cornell. <\/p>\n<p>\u00a0 <\/p>\n","protected":false},"excerpt":{"rendered":"<p>Seg\u00fan un estudio publicado en la revista Science los prados <a href=\"https:\/\/sertv.gob.pa\/crisolfm\/prados-marinos-de-algas-disminuyen-contaminacion-marina\/\"> [&#8230;]<\/a><\/p>\n","protected":false},"author":1,"featured_media":7578,"comment_status":"closed","ping_status":"closed","sticky":false,"template":"","format":"standard","meta":{"footnotes":""},"categories":[7],"tags":[],"class_list":["post-7577","post","type-post","status-publish","format-standard","has-post-thumbnail","hentry","category-ecologicas"],"_links":{"self":[{"href":"https:\/\/sertv.gob.pa\/crisolfm\/wp-json\/wp\/v2\/posts\/7577","targetHints":{"allow":["GET"]}}],"collection":[{"href":"https:\/\/sertv.gob.pa\/crisolfm\/wp-json\/wp\/v2\/posts"}],"about":[{"href":"https:\/\/sertv.gob.pa\/crisolfm\/wp-json\/wp\/v2\/types\/post"}],"author":[{"embeddable":true,"href":"https:\/\/sertv.gob.pa\/crisolfm\/wp-json\/wp\/v2\/users\/1"}],"replies":[{"embeddable":true,"href":"https:\/\/sertv.gob.pa\/crisolfm\/wp-json\/wp\/v2\/comments?post=7577"}],"version-history":[{"count":0,"href":"https:\/\/sertv.gob.pa\/crisolfm\/wp-json\/wp\/v2\/posts\/7577\/revisions"}],"wp:featuredmedia":[{"embeddable":true,"href":"https:\/\/sertv.gob.pa\/crisolfm\/wp-json\/wp\/v2\/media\/7578"}],"wp:attachment":[{"href":"https:\/\/sertv.gob.pa\/crisolfm\/wp-json\/wp\/v2\/media?parent=7577"}],"wp:term":[{"taxonomy":"category","embeddable":true,"href":"https:\/\/sertv.gob.pa\/crisolfm\/wp-json\/wp\/v2\/categories?post=7577"},{"taxonomy":"post_tag","embeddable":true,"href":"https:\/\/sertv.gob.pa\/crisolfm\/wp-json\/wp\/v2\/tags?post=7577"}],"curies":[{"name":"wp","href":"https:\/\/api.w.org\/{rel}","templated":true}]}}