{"id":7597,"date":"2017-02-21T18:03:27","date_gmt":"2017-02-21T18:03:27","guid":{"rendered":""},"modified":"2017-02-21T18:03:27","modified_gmt":"2017-02-21T18:03:27","slug":"bolivia-sacudida-por-sismo-de-6-5-grados","status":"publish","type":"post","link":"https:\/\/sertv.gob.pa\/crisolfm\/bolivia-sacudida-por-sismo-de-6-5-grados\/","title":{"rendered":"Bolivia sacudida por sismo de 6.5 grados"},"content":{"rendered":"<p>\nUn sismo de 6,5 grados en la escala de Richter sacudi\u00f3 a Bolivia este martes, seg\u00fan el Servicio Geol\u00f3gico de Estados Unidos. <\/p>\n<p>De acuerdo con la prensa internacional no se han reportado da\u00f1os estructurales o personas heridas y las caracter\u00edsticas del sismo no re\u00fanen las condiciones para generar un tsunami. <\/p>\n<p>El movimiento tel\u00farico igualmente se sinti\u00f3 en el norte de Chile, entre las regiones de Arica, Parinacota y Tarapac\u00e1. <\/p>\n<p>\u00a0 <\/p>\n","protected":false},"excerpt":{"rendered":"<p>Un sismo de 6,5 grados en la escala de Richter <a href=\"https:\/\/sertv.gob.pa\/crisolfm\/bolivia-sacudida-por-sismo-de-6-5-grados\/\"> [&#8230;]<\/a><\/p>\n","protected":false},"author":1,"featured_media":7598,"comment_status":"closed","ping_status":"closed","sticky":false,"template":"","format":"standard","meta":{"footnotes":""},"categories":[7],"tags":[],"class_list":["post-7597","post","type-post","status-publish","format-standard","has-post-thumbnail","hentry","category-ecologicas"],"_links":{"self":[{"href":"https:\/\/sertv.gob.pa\/crisolfm\/wp-json\/wp\/v2\/posts\/7597","targetHints":{"allow":["GET"]}}],"collection":[{"href":"https:\/\/sertv.gob.pa\/crisolfm\/wp-json\/wp\/v2\/posts"}],"about":[{"href":"https:\/\/sertv.gob.pa\/crisolfm\/wp-json\/wp\/v2\/types\/post"}],"author":[{"embeddable":true,"href":"https:\/\/sertv.gob.pa\/crisolfm\/wp-json\/wp\/v2\/users\/1"}],"replies":[{"embeddable":true,"href":"https:\/\/sertv.gob.pa\/crisolfm\/wp-json\/wp\/v2\/comments?post=7597"}],"version-history":[{"count":0,"href":"https:\/\/sertv.gob.pa\/crisolfm\/wp-json\/wp\/v2\/posts\/7597\/revisions"}],"wp:featuredmedia":[{"embeddable":true,"href":"https:\/\/sertv.gob.pa\/crisolfm\/wp-json\/wp\/v2\/media\/7598"}],"wp:attachment":[{"href":"https:\/\/sertv.gob.pa\/crisolfm\/wp-json\/wp\/v2\/media?parent=7597"}],"wp:term":[{"taxonomy":"category","embeddable":true,"href":"https:\/\/sertv.gob.pa\/crisolfm\/wp-json\/wp\/v2\/categories?post=7597"},{"taxonomy":"post_tag","embeddable":true,"href":"https:\/\/sertv.gob.pa\/crisolfm\/wp-json\/wp\/v2\/tags?post=7597"}],"curies":[{"name":"wp","href":"https:\/\/api.w.org\/{rel}","templated":true}]}}