{"id":7615,"date":"2017-02-22T19:29:35","date_gmt":"2017-02-22T19:29:35","guid":{"rendered":""},"modified":"2017-02-22T19:29:35","modified_gmt":"2017-02-22T19:29:35","slug":"decomisan-1-424-caballitos-de-mar-para-su-venta-en-malaga","status":"publish","type":"post","link":"https:\/\/sertv.gob.pa\/crisolfm\/decomisan-1-424-caballitos-de-mar-para-su-venta-en-malaga\/","title":{"rendered":"Decomisan 1.424 caballitos de mar para su venta en M\u00e1laga"},"content":{"rendered":"<p>\nLa Fiscal\u00eda de Medio Ambiente de M\u00e1laga ha realizado una querella contra 5 personas por un delito relativo a la protecci\u00f3n de la flora y la fauna, ya que \u00e9stas fueron sorprendidas con 1.424 caballitos de mar naturalizados, especie especialmente protegida, que, supuestamente, iban a destinar a su comercializaci\u00f3n ilegal. <\/p>\n<p>Esta querella, a la que ha tenido acceso Europa Press, se efectu\u00f3 luego de \u00a0las diligencias de investigaci\u00f3n penal llevadas a cabo en el ministerio p\u00fablico por unos hechos ocurridos en noviembre de 2016 en las cercan\u00edas de un pol\u00edgono industrial de San Pedro Alc\u00e1ntara, en la localidad malague\u00f1a de Marbella. <\/p>\n<p>En el escrito se indica que de la documentaci\u00f3n aportada por el Seprona de la Guardia Civil al fiscal se desprende que los querellados &#8211;dos de nacionalidad portuguesa, uno brasile\u00f1o y dos espa\u00f1oles&#8211; fueron sorprendidos \u00abcuanto ten\u00edan en su poder un cargamento con 1.424 unidades de caballitos de mar\u00bb. <\/p>\n<p>En total, eran 7,1 kilos de esta especie, incluida en los listados de especies silvestres en r\u00e9gimen de protecci\u00f3n especial y el cargamento incautado por los agentes de la Guardia Civil lo pose\u00edan los querellados, dice la acusaci\u00f3n fiscal, \u00abpara su il\u00edcita comercializaci\u00f3n\u00bb. La Fiscal\u00eda de Medio Ambiente solicita que se admita a tr\u00e1mite la querella realizada y que el juzgado de Marbella al que le corresponda &#8211;competente en este caso por el lugar donde tuvo lugar la incautaci\u00f3n&#8211;, empiece unas diligencias previas para investigar los hechos. <\/p>\n<p>As\u00ed, se solicita que se tome declaraci\u00f3n a las personas querelladas, librando comisi\u00f3n rogatoria en el caso de los que son de nacionalidad portuguesa; y que la Delegaci\u00f3n de Medio Ambiente de la Junta haga un informe pericial sobre los ejemplares intervenidos, su grado de protecci\u00f3n y de amenaza real. <\/p>\n<p>En su momento, la Guardia Civil inform\u00f3 de que los detenidos no pudieron acreditar la procedencia o adquisici\u00f3n de los caballitos de mar disecados, que \u00abpretend\u00edan vender por una cantidad cercana a los 10.000 euros\u00bb, siendo \u00absu destino final China, donde es muy usado en su medicina tradicional\u00bb. <\/p>\n<p>\u00a0 <\/p>\n<p>\u00a0 <\/p>\n","protected":false},"excerpt":{"rendered":"<p>La Fiscal\u00eda de Medio Ambiente de M\u00e1laga ha realizado una <a href=\"https:\/\/sertv.gob.pa\/crisolfm\/decomisan-1-424-caballitos-de-mar-para-su-venta-en-malaga\/\"> [&#8230;]<\/a><\/p>\n","protected":false},"author":1,"featured_media":7616,"comment_status":"closed","ping_status":"closed","sticky":false,"template":"","format":"standard","meta":{"footnotes":""},"categories":[7],"tags":[],"class_list":["post-7615","post","type-post","status-publish","format-standard","has-post-thumbnail","hentry","category-ecologicas"],"_links":{"self":[{"href":"https:\/\/sertv.gob.pa\/crisolfm\/wp-json\/wp\/v2\/posts\/7615","targetHints":{"allow":["GET"]}}],"collection":[{"href":"https:\/\/sertv.gob.pa\/crisolfm\/wp-json\/wp\/v2\/posts"}],"about":[{"href":"https:\/\/sertv.gob.pa\/crisolfm\/wp-json\/wp\/v2\/types\/post"}],"author":[{"embeddable":true,"href":"https:\/\/sertv.gob.pa\/crisolfm\/wp-json\/wp\/v2\/users\/1"}],"replies":[{"embeddable":true,"href":"https:\/\/sertv.gob.pa\/crisolfm\/wp-json\/wp\/v2\/comments?post=7615"}],"version-history":[{"count":0,"href":"https:\/\/sertv.gob.pa\/crisolfm\/wp-json\/wp\/v2\/posts\/7615\/revisions"}],"wp:featuredmedia":[{"embeddable":true,"href":"https:\/\/sertv.gob.pa\/crisolfm\/wp-json\/wp\/v2\/media\/7616"}],"wp:attachment":[{"href":"https:\/\/sertv.gob.pa\/crisolfm\/wp-json\/wp\/v2\/media?parent=7615"}],"wp:term":[{"taxonomy":"category","embeddable":true,"href":"https:\/\/sertv.gob.pa\/crisolfm\/wp-json\/wp\/v2\/categories?post=7615"},{"taxonomy":"post_tag","embeddable":true,"href":"https:\/\/sertv.gob.pa\/crisolfm\/wp-json\/wp\/v2\/tags?post=7615"}],"curies":[{"name":"wp","href":"https:\/\/api.w.org\/{rel}","templated":true}]}}