{"id":7631,"date":"2017-02-24T15:37:29","date_gmt":"2017-02-24T15:37:29","guid":{"rendered":""},"modified":"2017-02-24T15:37:29","modified_gmt":"2017-02-24T15:37:29","slug":"incendio-en-zona-bananera-del-distrito-baru","status":"publish","type":"post","link":"https:\/\/sertv.gob.pa\/crisolfm\/incendio-en-zona-bananera-del-distrito-baru\/","title":{"rendered":"Incendio en zona bananera del distrito Bar\u00fa"},"content":{"rendered":"<p>\nDurante la ma\u00f1ana de hoy se report\u00f3 un incendio en la zona bananera del distrito de Bar\u00fa, en el puerto Tom\u00e1s Armuelles de la provincia de Chiriqu\u00ed, espec\u00edficamente en uno de los talleres de las fincas bananeras. <\/p>\n<p>Efectivos del cuerpo de bomberos ya se hallan en el sitio de los hechos; hasta el momento se desconoce el origen del incendio. <\/p>\n<p>\u00a0El \u00e1rea se encuentra hist\u00f3ricamente ligada a la actividad bananera. <\/p>\n<p>\u00a0 <\/p>\n","protected":false},"excerpt":{"rendered":"<p>Durante la ma\u00f1ana de hoy se report\u00f3 un incendio en <a href=\"https:\/\/sertv.gob.pa\/crisolfm\/incendio-en-zona-bananera-del-distrito-baru\/\"> [&#8230;]<\/a><\/p>\n","protected":false},"author":1,"featured_media":7632,"comment_status":"closed","ping_status":"closed","sticky":false,"template":"","format":"standard","meta":{"footnotes":""},"categories":[7],"tags":[],"class_list":["post-7631","post","type-post","status-publish","format-standard","has-post-thumbnail","hentry","category-ecologicas"],"_links":{"self":[{"href":"https:\/\/sertv.gob.pa\/crisolfm\/wp-json\/wp\/v2\/posts\/7631","targetHints":{"allow":["GET"]}}],"collection":[{"href":"https:\/\/sertv.gob.pa\/crisolfm\/wp-json\/wp\/v2\/posts"}],"about":[{"href":"https:\/\/sertv.gob.pa\/crisolfm\/wp-json\/wp\/v2\/types\/post"}],"author":[{"embeddable":true,"href":"https:\/\/sertv.gob.pa\/crisolfm\/wp-json\/wp\/v2\/users\/1"}],"replies":[{"embeddable":true,"href":"https:\/\/sertv.gob.pa\/crisolfm\/wp-json\/wp\/v2\/comments?post=7631"}],"version-history":[{"count":0,"href":"https:\/\/sertv.gob.pa\/crisolfm\/wp-json\/wp\/v2\/posts\/7631\/revisions"}],"wp:featuredmedia":[{"embeddable":true,"href":"https:\/\/sertv.gob.pa\/crisolfm\/wp-json\/wp\/v2\/media\/7632"}],"wp:attachment":[{"href":"https:\/\/sertv.gob.pa\/crisolfm\/wp-json\/wp\/v2\/media?parent=7631"}],"wp:term":[{"taxonomy":"category","embeddable":true,"href":"https:\/\/sertv.gob.pa\/crisolfm\/wp-json\/wp\/v2\/categories?post=7631"},{"taxonomy":"post_tag","embeddable":true,"href":"https:\/\/sertv.gob.pa\/crisolfm\/wp-json\/wp\/v2\/tags?post=7631"}],"curies":[{"name":"wp","href":"https:\/\/api.w.org\/{rel}","templated":true}]}}