{"id":7641,"date":"2017-02-25T05:00:00","date_gmt":"2017-02-25T05:00:00","guid":{"rendered":""},"modified":"2017-02-25T05:00:00","modified_gmt":"2017-02-25T05:00:00","slug":"incendio-en-reserva-forestal-la-laguna-de-la-yeguada","status":"publish","type":"post","link":"https:\/\/sertv.gob.pa\/crisolfm\/incendio-en-reserva-forestal-la-laguna-de-la-yeguada\/","title":{"rendered":"Incendio en reserva forestal La Laguna de La Yeguada"},"content":{"rendered":"<p>\nUnas 8 \u00a0hect\u00e1reas sembradas de pino y masa vegetal de la reserva forestal La Laguna de La Yeguada, situada en el distrito de Calobre, fueron devastadas por un incendio registrado. <\/p>\n<p>El incendio forestal que es el primero que se da durante la presente estaci\u00f3n seca, afect\u00f3 espec\u00edficamente la parcela conocida como El Mu\u00f1o, donde los guardaparques del Ministerio de Ambiente, la Polic\u00eda Ecol\u00f3gica y miembros de la Asociaci\u00f3n Monte Horeb tuvieron que luchar por varias horas con las llamas.\u00a0 <\/p>\n<p>Por el momento las autoridades del Ministerio de Ambiente (Miambiente) regional de Veraguas, no han determinado las causas que provocaron este incendio ya que apenas se est\u00e1 en la investigaci\u00f3n de qu\u00e9 o quienes pudieron generar el mismo.\u00a0 <\/p>\n<p>Rogelio Rodr\u00edguez, director regional de Mi Ambiente en Veraguas, inform\u00f3 que est\u00e1n a la espera de culminar las investigaciones para rendir un informe detallado respecto al da\u00f1o que provoc\u00f3 el incendio y las causas que pudieron haberlo provocado.\u00a0 <\/p>\n<p>\u00a0 <\/p>\n<p>\u00a0 <\/p>\n","protected":false},"excerpt":{"rendered":"<p>Unas 8 \u00a0hect\u00e1reas sembradas de pino y masa vegetal de <a href=\"https:\/\/sertv.gob.pa\/crisolfm\/incendio-en-reserva-forestal-la-laguna-de-la-yeguada\/\"> [&#8230;]<\/a><\/p>\n","protected":false},"author":1,"featured_media":7642,"comment_status":"closed","ping_status":"closed","sticky":false,"template":"","format":"standard","meta":{"footnotes":""},"categories":[7],"tags":[],"class_list":["post-7641","post","type-post","status-publish","format-standard","has-post-thumbnail","hentry","category-ecologicas"],"_links":{"self":[{"href":"https:\/\/sertv.gob.pa\/crisolfm\/wp-json\/wp\/v2\/posts\/7641","targetHints":{"allow":["GET"]}}],"collection":[{"href":"https:\/\/sertv.gob.pa\/crisolfm\/wp-json\/wp\/v2\/posts"}],"about":[{"href":"https:\/\/sertv.gob.pa\/crisolfm\/wp-json\/wp\/v2\/types\/post"}],"author":[{"embeddable":true,"href":"https:\/\/sertv.gob.pa\/crisolfm\/wp-json\/wp\/v2\/users\/1"}],"replies":[{"embeddable":true,"href":"https:\/\/sertv.gob.pa\/crisolfm\/wp-json\/wp\/v2\/comments?post=7641"}],"version-history":[{"count":0,"href":"https:\/\/sertv.gob.pa\/crisolfm\/wp-json\/wp\/v2\/posts\/7641\/revisions"}],"wp:featuredmedia":[{"embeddable":true,"href":"https:\/\/sertv.gob.pa\/crisolfm\/wp-json\/wp\/v2\/media\/7642"}],"wp:attachment":[{"href":"https:\/\/sertv.gob.pa\/crisolfm\/wp-json\/wp\/v2\/media?parent=7641"}],"wp:term":[{"taxonomy":"category","embeddable":true,"href":"https:\/\/sertv.gob.pa\/crisolfm\/wp-json\/wp\/v2\/categories?post=7641"},{"taxonomy":"post_tag","embeddable":true,"href":"https:\/\/sertv.gob.pa\/crisolfm\/wp-json\/wp\/v2\/tags?post=7641"}],"curies":[{"name":"wp","href":"https:\/\/api.w.org\/{rel}","templated":true}]}}