{"id":7643,"date":"2017-02-26T05:00:00","date_gmt":"2017-02-26T05:00:00","guid":{"rendered":""},"modified":"2017-02-26T05:00:00","modified_gmt":"2017-02-26T05:00:00","slug":"eclipse-solar-embellecera-el-domingo-el-cielo-suramericano","status":"publish","type":"post","link":"https:\/\/sertv.gob.pa\/crisolfm\/eclipse-solar-embellecera-el-domingo-el-cielo-suramericano\/","title":{"rendered":"Eclipse solar embellecer\u00e1 el domingo el cielo suramericano"},"content":{"rendered":"<p>\nParte de Suram\u00e9rica, del sur de \u00c1frica y algunos navegantes del Atl\u00e1ntico podr\u00e1n disfrutar hoy domingo de un espectacular eclipse solar anular, cuando un \u00abanillo de fuego\u00bb rodear\u00e1 la Luna. <\/p>\n<p>El fen\u00f3meno ser\u00e1 sobre todo visible en una franja de 100 km a trav\u00e9s de Chile, Argentina, Angola, Zambia y Rep\u00fablica Democr\u00e1tica del Congo. <\/p>\n<p>Un eclipse solar anular se produce cuando la Tierra, la Luna y el Sol se alinean. <\/p>\n<p>Pero incluso cuando est\u00e1n perfectamente en esa posici\u00f3n, la Luna est\u00e1 demasiado lejos de la Tierra para bloquear completamente la visi\u00f3n del Sol, y por eso alrededor del disco negro del sat\u00e9lite se ve un anillo de luz del astro. <\/p>\n<p>Primeramente, parecer\u00e1 como si al Sol le hubiesen dado un \u00abmordisco\u00bb, dijo Terry Moseley, de la Asociaci\u00f3n Astron\u00f3mica Irlandesa (IAA). Este ir\u00e1 haci\u00e9ndose cada vez mayor a medida que la Luna -invisible desde la Tierra- avanza pasando delante del Sol, explic\u00f3 a la AFP. <\/p>\n<p>\u00abCuando el 90% del Sol est\u00e9 tapado, se notar\u00e1 una ca\u00edda significativa de la temperatura y de la luminosidad, y un cambio en la calidad de la luz, que es dif\u00edcil de describir\u00bb, agreg\u00f3 Moseley. <\/p>\n<p>A medida que oscurezca el d\u00eda, los animales podr\u00edan iniciar su rutina nocturna, creyendo que se acerca la puesta de sol. <\/p>\n<p>En el momento \u00e1lgido del eclipse, la Luna se hallar\u00e1 en el centro del Sol, provocando la aparici\u00f3n de un \u00abanillo perfecto, bello, sim\u00e9trico\u00bb, antes de salir por el otro lado, dijo Moseley. <\/p>\n<p>El resto del planeta no ver\u00e1 nada o casi nada. <\/p>\n<p>El eclipse puede ser observado con seguridad utilizando una hoja de papel a la que se le hace un agujero con la punta de un l\u00e1piz y se coloca delante del Sol. La imagen del eclipse se proyecta entonces en una segunda hoja, record\u00f3 la Sociedad Astron\u00f3mica de Sur\u00e1frica. <\/p>\n<p>Para mirar el Sol directamente, son necesarias unas gafas especiales. <\/p>\n<p>\u00a0 <\/p>\n","protected":false},"excerpt":{"rendered":"<p>Parte de Suram\u00e9rica, del sur de \u00c1frica y algunos navegantes <a href=\"https:\/\/sertv.gob.pa\/crisolfm\/eclipse-solar-embellecera-el-domingo-el-cielo-suramericano\/\"> [&#8230;]<\/a><\/p>\n","protected":false},"author":1,"featured_media":7644,"comment_status":"closed","ping_status":"closed","sticky":false,"template":"","format":"standard","meta":{"footnotes":""},"categories":[7],"tags":[],"class_list":["post-7643","post","type-post","status-publish","format-standard","has-post-thumbnail","hentry","category-ecologicas"],"_links":{"self":[{"href":"https:\/\/sertv.gob.pa\/crisolfm\/wp-json\/wp\/v2\/posts\/7643","targetHints":{"allow":["GET"]}}],"collection":[{"href":"https:\/\/sertv.gob.pa\/crisolfm\/wp-json\/wp\/v2\/posts"}],"about":[{"href":"https:\/\/sertv.gob.pa\/crisolfm\/wp-json\/wp\/v2\/types\/post"}],"author":[{"embeddable":true,"href":"https:\/\/sertv.gob.pa\/crisolfm\/wp-json\/wp\/v2\/users\/1"}],"replies":[{"embeddable":true,"href":"https:\/\/sertv.gob.pa\/crisolfm\/wp-json\/wp\/v2\/comments?post=7643"}],"version-history":[{"count":0,"href":"https:\/\/sertv.gob.pa\/crisolfm\/wp-json\/wp\/v2\/posts\/7643\/revisions"}],"wp:featuredmedia":[{"embeddable":true,"href":"https:\/\/sertv.gob.pa\/crisolfm\/wp-json\/wp\/v2\/media\/7644"}],"wp:attachment":[{"href":"https:\/\/sertv.gob.pa\/crisolfm\/wp-json\/wp\/v2\/media?parent=7643"}],"wp:term":[{"taxonomy":"category","embeddable":true,"href":"https:\/\/sertv.gob.pa\/crisolfm\/wp-json\/wp\/v2\/categories?post=7643"},{"taxonomy":"post_tag","embeddable":true,"href":"https:\/\/sertv.gob.pa\/crisolfm\/wp-json\/wp\/v2\/tags?post=7643"}],"curies":[{"name":"wp","href":"https:\/\/api.w.org\/{rel}","templated":true}]}}