{"id":7651,"date":"2017-03-01T19:08:16","date_gmt":"2017-03-01T19:08:16","guid":{"rendered":""},"modified":"2017-03-01T19:08:16","modified_gmt":"2017-03-01T19:08:16","slug":"en-espana-analizan-estrategias-para-recuperar-la-perdiz-roja","status":"publish","type":"post","link":"https:\/\/sertv.gob.pa\/crisolfm\/en-espana-analizan-estrategias-para-recuperar-la-perdiz-roja\/","title":{"rendered":"En Espa\u00f1a analizan estrategias para recuperar la perdiz roja"},"content":{"rendered":"<p>\nRepresentantes de la Oficina Nacional de la Caza, la Conservaci\u00f3n y el Desarrollo Rural (ONC) se han reunido con el secretario general de Agricultura y Alimentaci\u00f3n, Carlos Cabanas, para analizar estrategias de colaboraci\u00f3n en la recuperaci\u00f3n de la perdiz roja y para gestionar con una estrategia nacional cineg\u00e9tica la especie invasora arru\u00ed. <\/p>\n<p>La ONC reclamado medidas urgentes para \u00abracionalizar\u00bb algunos usos de la agricultura, as\u00ed como cumplir las Directrices T\u00e9cnicas Estatales en control de predadores que la mayor\u00eda de regiones todav\u00eda no ha trasladado a sus normas regionales para recuperar la perdiz roja en Espa\u00f1a. <\/p>\n<p>A la reuni\u00f3n han asistido el presidente de la ONC, Juan Antonio Sarasketa, el director Oscar Beltr\u00e1n, y el presidente de Aproca Espa\u00f1a, Luis Fernando Villanueva, Cabanas y con la directora general de Desarrollo Rural y Pol\u00edtica Forestal, Esperanza Orellana. <\/p>\n<p>La ONC ha destacado que el problema de la perdiz es \u00abprioritario\u00bb, junto con la Estrategia Nacional Cineg\u00e9tica que elabora el Ministerio, para recuperar la perdiz roja, junto con una coordinaci\u00f3n de las \u00f3rdenes de veda regionales. <\/p>\n<p>Otro de los temas analizados en la reuni\u00f3n ha sido la especie ex\u00f3tica invasora, el arru\u00ed, que est\u00e1 provocando \u00abgrav\u00edsimo perjuicio\u00bb en los cotos del Levante. <\/p>\n<p>En la reuni\u00f3n, la ONC ha entregado un informe donde se contradicen las teor\u00edas sobre el concepto invasor de la especie o el desplazamiento de otras especies como la cabra mont\u00e9s, ha expuesto su postura sobre la revisi\u00f3n de las directivas comunitarias y ha criticado la situaci\u00f3n del silvestrismo. <\/p>\n<p>\u00a0 <\/p>\n<p>\u00a0 <\/p>\n","protected":false},"excerpt":{"rendered":"<p>Representantes de la Oficina Nacional de la Caza, la Conservaci\u00f3n <a href=\"https:\/\/sertv.gob.pa\/crisolfm\/en-espana-analizan-estrategias-para-recuperar-la-perdiz-roja\/\"> [&#8230;]<\/a><\/p>\n","protected":false},"author":1,"featured_media":7652,"comment_status":"closed","ping_status":"closed","sticky":false,"template":"","format":"standard","meta":{"footnotes":""},"categories":[7],"tags":[],"class_list":["post-7651","post","type-post","status-publish","format-standard","has-post-thumbnail","hentry","category-ecologicas"],"_links":{"self":[{"href":"https:\/\/sertv.gob.pa\/crisolfm\/wp-json\/wp\/v2\/posts\/7651","targetHints":{"allow":["GET"]}}],"collection":[{"href":"https:\/\/sertv.gob.pa\/crisolfm\/wp-json\/wp\/v2\/posts"}],"about":[{"href":"https:\/\/sertv.gob.pa\/crisolfm\/wp-json\/wp\/v2\/types\/post"}],"author":[{"embeddable":true,"href":"https:\/\/sertv.gob.pa\/crisolfm\/wp-json\/wp\/v2\/users\/1"}],"replies":[{"embeddable":true,"href":"https:\/\/sertv.gob.pa\/crisolfm\/wp-json\/wp\/v2\/comments?post=7651"}],"version-history":[{"count":0,"href":"https:\/\/sertv.gob.pa\/crisolfm\/wp-json\/wp\/v2\/posts\/7651\/revisions"}],"wp:featuredmedia":[{"embeddable":true,"href":"https:\/\/sertv.gob.pa\/crisolfm\/wp-json\/wp\/v2\/media\/7652"}],"wp:attachment":[{"href":"https:\/\/sertv.gob.pa\/crisolfm\/wp-json\/wp\/v2\/media?parent=7651"}],"wp:term":[{"taxonomy":"category","embeddable":true,"href":"https:\/\/sertv.gob.pa\/crisolfm\/wp-json\/wp\/v2\/categories?post=7651"},{"taxonomy":"post_tag","embeddable":true,"href":"https:\/\/sertv.gob.pa\/crisolfm\/wp-json\/wp\/v2\/tags?post=7651"}],"curies":[{"name":"wp","href":"https:\/\/api.w.org\/{rel}","templated":true}]}}