{"id":7677,"date":"2017-03-03T17:00:26","date_gmt":"2017-03-03T17:00:26","guid":{"rendered":""},"modified":"2017-03-03T17:00:26","modified_gmt":"2017-03-03T17:00:26","slug":"en-argentina-alerta-roja-por-la-ola-de-calor-en-la-capital","status":"publish","type":"post","link":"https:\/\/sertv.gob.pa\/crisolfm\/en-argentina-alerta-roja-por-la-ola-de-calor-en-la-capital\/","title":{"rendered":"En Argentina alerta roja por la ola de calor en la capital"},"content":{"rendered":"<p>\nEl Servicio Meteorol\u00f3gico Nacional (SMN) elev\u00f3 a roja la alerta por las altas temperaturas en la ciudad de Buenos Aires y el resto del \u00e1rea metropolitana, mientras que para la ciudad santafesina de Rosario y sus adyacencias emiti\u00f3 el alerta amarilla. El efecto sobre la mortalidad, se\u00f1ala el organismo, es \u00abalto extremo\u00bb. <\/p>\n<p>El SMN inform\u00f3 que \u00abcontinuar\u00e1n registr\u00e1ndose valores elevados de temperaturas por lo menos hasta el d\u00eda viernes 3 de marzo\u00bb y \u00abse prev\u00e9n temperaturas m\u00ednimas entre 23\u00ba y 27\u00ba esper\u00e1ndose las m\u00e1s altas sobre la regi\u00f3n de Cuyo, zona central y provincias del noroeste\u00bb. <\/p>\n<p>El organismo advirti\u00f3: \u00abEn cuanto a las temperaturas m\u00e1ximas, oscilar\u00e1n entre los 34\u00ba y 40\u00ba con elevada sensaci\u00f3n t\u00e9rmica, pudiendo ser superadas en forma puntual\u00bb. <\/p>\n<p>\u00abCabe se\u00f1alar que podr\u00edan observarse disminuciones temporarias de temperatura debido a fen\u00f3menos de lluvias o tormentas\u00bb, complet\u00f3. <\/p>\n<p>La alerta roja se alcanza en situaciones extremas, dentro de una ola de calor extensa y con pron\u00f3sticos de temperaturas que evidencian la continuidad de la misma. <\/p>\n<p>\u00a0 <\/p>\n<p>\u00a0 <\/p>\n","protected":false},"excerpt":{"rendered":"<p>El Servicio Meteorol\u00f3gico Nacional (SMN) elev\u00f3 a roja la alerta <a href=\"https:\/\/sertv.gob.pa\/crisolfm\/en-argentina-alerta-roja-por-la-ola-de-calor-en-la-capital\/\"> [&#8230;]<\/a><\/p>\n","protected":false},"author":1,"featured_media":7678,"comment_status":"closed","ping_status":"closed","sticky":false,"template":"","format":"standard","meta":{"footnotes":""},"categories":[7],"tags":[],"class_list":["post-7677","post","type-post","status-publish","format-standard","has-post-thumbnail","hentry","category-ecologicas"],"_links":{"self":[{"href":"https:\/\/sertv.gob.pa\/crisolfm\/wp-json\/wp\/v2\/posts\/7677","targetHints":{"allow":["GET"]}}],"collection":[{"href":"https:\/\/sertv.gob.pa\/crisolfm\/wp-json\/wp\/v2\/posts"}],"about":[{"href":"https:\/\/sertv.gob.pa\/crisolfm\/wp-json\/wp\/v2\/types\/post"}],"author":[{"embeddable":true,"href":"https:\/\/sertv.gob.pa\/crisolfm\/wp-json\/wp\/v2\/users\/1"}],"replies":[{"embeddable":true,"href":"https:\/\/sertv.gob.pa\/crisolfm\/wp-json\/wp\/v2\/comments?post=7677"}],"version-history":[{"count":0,"href":"https:\/\/sertv.gob.pa\/crisolfm\/wp-json\/wp\/v2\/posts\/7677\/revisions"}],"wp:featuredmedia":[{"embeddable":true,"href":"https:\/\/sertv.gob.pa\/crisolfm\/wp-json\/wp\/v2\/media\/7678"}],"wp:attachment":[{"href":"https:\/\/sertv.gob.pa\/crisolfm\/wp-json\/wp\/v2\/media?parent=7677"}],"wp:term":[{"taxonomy":"category","embeddable":true,"href":"https:\/\/sertv.gob.pa\/crisolfm\/wp-json\/wp\/v2\/categories?post=7677"},{"taxonomy":"post_tag","embeddable":true,"href":"https:\/\/sertv.gob.pa\/crisolfm\/wp-json\/wp\/v2\/tags?post=7677"}],"curies":[{"name":"wp","href":"https:\/\/api.w.org\/{rel}","templated":true}]}}