{"id":7685,"date":"2017-03-06T15:36:28","date_gmt":"2017-03-06T15:36:28","guid":{"rendered":""},"modified":"2017-03-06T15:36:28","modified_gmt":"2017-03-06T15:36:28","slug":"en-brasil-la-produccion-agricola-subira-sin-afectar-el-ambiente","status":"publish","type":"post","link":"https:\/\/sertv.gob.pa\/crisolfm\/en-brasil-la-produccion-agricola-subira-sin-afectar-el-ambiente\/","title":{"rendered":"En Brasil la producci\u00f3n agr\u00edcola subir\u00e1 sin afectar el ambiente"},"content":{"rendered":"<p>\nEl presidente de Brasil, Michel Temer, afirm\u00f3 que el pa\u00eds suramericano, uno de los mayores productores mundiales de alimentos, tiene condiciones de incrementar su producci\u00f3n agr\u00edcola sin deteriorar el medioambiente. <\/p>\n<p>&lsquo;En todo momento dec\u00edan que &lsquo;Brasil vive deteriorando el medioambiente&#8217;, pero Blairo Maggi, ministro de Agricultura, me dice que el 61% del territorio brasile\u00f1o est\u00e1 preservado y eso significa que el desarrollo de la agricultura es sustentable y tiene en cuenta el medioambiente&#8217;, asever\u00f3 Temer. <\/p>\n<p>En ese sentido, agreg\u00f3 el mandatario, &lsquo;todo est\u00e1 de acuerdo con un documento que entregu\u00e9 en la ONU, que es el Acuerdo de Par\u00eds, que exactamente busca preservar el medioambiente y Blairo tiene los medios y modos de aumentar la agricultura sin estorbar, sin vulnerar, sin herir al medio ambiente brasile\u00f1o&#8217;. <\/p>\n<p>En su discurso, Temer record\u00f3 que la participaci\u00f3n de Brasil en el comercio agr\u00edcola mundial es del 6.9%, pero espera alcanzar el 10% en los pr\u00f3ximos a\u00f1os. <\/p>\n<p>&lsquo;En verdad, todo eso revela que la participaci\u00f3n de Brasil en el comercio internacional es del 6.9%, pero el ministro (Maggi) acaba de decir que en los pr\u00f3ximos a\u00f1os vamos a llegar al 10% y con ese entusiasmo, con Dios ayudando con las lluvias en el tiempo correcto, vamos a llegar a ese 10%&#8217;, subray\u00f3. <\/p>\n<p>\u00a0 <\/p>\n","protected":false},"excerpt":{"rendered":"<p>El presidente de Brasil, Michel Temer, afirm\u00f3 que el pa\u00eds <a href=\"https:\/\/sertv.gob.pa\/crisolfm\/en-brasil-la-produccion-agricola-subira-sin-afectar-el-ambiente\/\"> [&#8230;]<\/a><\/p>\n","protected":false},"author":1,"featured_media":7686,"comment_status":"closed","ping_status":"closed","sticky":false,"template":"","format":"standard","meta":{"footnotes":""},"categories":[7],"tags":[],"class_list":["post-7685","post","type-post","status-publish","format-standard","has-post-thumbnail","hentry","category-ecologicas"],"_links":{"self":[{"href":"https:\/\/sertv.gob.pa\/crisolfm\/wp-json\/wp\/v2\/posts\/7685","targetHints":{"allow":["GET"]}}],"collection":[{"href":"https:\/\/sertv.gob.pa\/crisolfm\/wp-json\/wp\/v2\/posts"}],"about":[{"href":"https:\/\/sertv.gob.pa\/crisolfm\/wp-json\/wp\/v2\/types\/post"}],"author":[{"embeddable":true,"href":"https:\/\/sertv.gob.pa\/crisolfm\/wp-json\/wp\/v2\/users\/1"}],"replies":[{"embeddable":true,"href":"https:\/\/sertv.gob.pa\/crisolfm\/wp-json\/wp\/v2\/comments?post=7685"}],"version-history":[{"count":0,"href":"https:\/\/sertv.gob.pa\/crisolfm\/wp-json\/wp\/v2\/posts\/7685\/revisions"}],"wp:featuredmedia":[{"embeddable":true,"href":"https:\/\/sertv.gob.pa\/crisolfm\/wp-json\/wp\/v2\/media\/7686"}],"wp:attachment":[{"href":"https:\/\/sertv.gob.pa\/crisolfm\/wp-json\/wp\/v2\/media?parent=7685"}],"wp:term":[{"taxonomy":"category","embeddable":true,"href":"https:\/\/sertv.gob.pa\/crisolfm\/wp-json\/wp\/v2\/categories?post=7685"},{"taxonomy":"post_tag","embeddable":true,"href":"https:\/\/sertv.gob.pa\/crisolfm\/wp-json\/wp\/v2\/tags?post=7685"}],"curies":[{"name":"wp","href":"https:\/\/api.w.org\/{rel}","templated":true}]}}