{"id":7727,"date":"2017-03-09T16:28:29","date_gmt":"2017-03-09T16:28:29","guid":{"rendered":""},"modified":"2017-03-09T16:28:29","modified_gmt":"2017-03-09T16:28:29","slug":"hoy-la-umip-realiza-ferias-ambientales","status":"publish","type":"post","link":"https:\/\/sertv.gob.pa\/crisolfm\/hoy-la-umip-realiza-ferias-ambientales\/","title":{"rendered":"Hoy la UMIP realiza ferias ambientales"},"content":{"rendered":"<p>\nLa Facultad de Ciencias del Mar y los estudiantes de segundo a\u00f1o de Biolog\u00eda Marina de la Universidad Mar\u00edtima Internacional de Panam\u00e1 (UMIP) llevan a cabo hoy la primera Feria Interuniversitaria de Educaci\u00f3n Ambiental y la cuarta Feria de Educaci\u00f3n Ambiental, bajo el lema &lsquo;La basura asfixia nuestras vidas: reduce, reutiliza y recicla&#8217;, informaron los organizadores de la actividad <\/p>\n<p>Seg\u00fan la fuente, la jornada tiene como prop\u00f3sito primordial concienciar a los estudiantes en particular y a la ciudadan\u00eda en general, sobre la responsabilidad colectiva que todos tenemos con el medio ambiente, generando espacios donde las ideas puedan ser debatidas, compartidas y alimentadas. <\/p>\n<p>La feria tendr\u00e1 lugar en el \u00e1rea verde que est\u00e1 entre los edificios 1034 de la Facultad de Ciencias del Mar y de la Biblioteca en un horario de 8:30 a.m. a 12:30 p.m. <\/p>\n<p>Contar\u00e1 con la colaboraci\u00f3n de la Comisi\u00f3n de Ambiente del Consejo de Rectores de Panam\u00e1, adem\u00e1s de representantes de otras universidades, de autoridades, organismos y activistas ambientales. <\/p>\n<p>La coordinaci\u00f3n del evento estudiantil es responsabilidad de la profesora Yessenia Gonz\u00e1lez Mu\u00f1oz. <\/p>\n<p>\u00a0 <\/p>\n","protected":false},"excerpt":{"rendered":"<p>La Facultad de Ciencias del Mar y los estudiantes de <a href=\"https:\/\/sertv.gob.pa\/crisolfm\/hoy-la-umip-realiza-ferias-ambientales\/\"> [&#8230;]<\/a><\/p>\n","protected":false},"author":1,"featured_media":7728,"comment_status":"closed","ping_status":"closed","sticky":false,"template":"","format":"standard","meta":{"footnotes":""},"categories":[7],"tags":[],"class_list":["post-7727","post","type-post","status-publish","format-standard","has-post-thumbnail","hentry","category-ecologicas"],"_links":{"self":[{"href":"https:\/\/sertv.gob.pa\/crisolfm\/wp-json\/wp\/v2\/posts\/7727","targetHints":{"allow":["GET"]}}],"collection":[{"href":"https:\/\/sertv.gob.pa\/crisolfm\/wp-json\/wp\/v2\/posts"}],"about":[{"href":"https:\/\/sertv.gob.pa\/crisolfm\/wp-json\/wp\/v2\/types\/post"}],"author":[{"embeddable":true,"href":"https:\/\/sertv.gob.pa\/crisolfm\/wp-json\/wp\/v2\/users\/1"}],"replies":[{"embeddable":true,"href":"https:\/\/sertv.gob.pa\/crisolfm\/wp-json\/wp\/v2\/comments?post=7727"}],"version-history":[{"count":0,"href":"https:\/\/sertv.gob.pa\/crisolfm\/wp-json\/wp\/v2\/posts\/7727\/revisions"}],"wp:featuredmedia":[{"embeddable":true,"href":"https:\/\/sertv.gob.pa\/crisolfm\/wp-json\/wp\/v2\/media\/7728"}],"wp:attachment":[{"href":"https:\/\/sertv.gob.pa\/crisolfm\/wp-json\/wp\/v2\/media?parent=7727"}],"wp:term":[{"taxonomy":"category","embeddable":true,"href":"https:\/\/sertv.gob.pa\/crisolfm\/wp-json\/wp\/v2\/categories?post=7727"},{"taxonomy":"post_tag","embeddable":true,"href":"https:\/\/sertv.gob.pa\/crisolfm\/wp-json\/wp\/v2\/tags?post=7727"}],"curies":[{"name":"wp","href":"https:\/\/api.w.org\/{rel}","templated":true}]}}