{"id":7735,"date":"2017-03-10T15:44:12","date_gmt":"2017-03-10T15:44:12","guid":{"rendered":""},"modified":"2017-03-10T15:44:12","modified_gmt":"2017-03-10T15:44:12","slug":"hoy-costa-venezolana-estremecida-por-sismo-de-5-5-grados","status":"publish","type":"post","link":"https:\/\/sertv.gob.pa\/crisolfm\/hoy-costa-venezolana-estremecida-por-sismo-de-5-5-grados\/","title":{"rendered":"Hoy costa venezolana estremecida por sismo de 5,5  grados"},"content":{"rendered":"<p>\nSeg\u00fan report\u00f3 el Servicio Geol\u00f3gico de Estados Unidos (USGS por sus siglas en ingl\u00e9s), un sismo de 5,5 \u00a0grados de magnitud en la escala abierta de Richter afect\u00f3 hoy las costas de Venezuela. <\/p>\n<p>El movimiento tel\u00farico se origin\u00f3 a 10 kil\u00f3metros de profundidad y a 54 kil\u00f3metros al norte de La Vela de Coro. <\/p>\n<p>Usuarios de las redes sociales reportaron que movimiento se sinti\u00f3 en la capital, Caracas. <\/p>\n<p>\u00a0 <\/p>\n","protected":false},"excerpt":{"rendered":"<p>Seg\u00fan report\u00f3 el Servicio Geol\u00f3gico de Estados Unidos (USGS por <a href=\"https:\/\/sertv.gob.pa\/crisolfm\/hoy-costa-venezolana-estremecida-por-sismo-de-5-5-grados\/\"> [&#8230;]<\/a><\/p>\n","protected":false},"author":1,"featured_media":7736,"comment_status":"closed","ping_status":"closed","sticky":false,"template":"","format":"standard","meta":{"footnotes":""},"categories":[7],"tags":[],"class_list":["post-7735","post","type-post","status-publish","format-standard","has-post-thumbnail","hentry","category-ecologicas"],"_links":{"self":[{"href":"https:\/\/sertv.gob.pa\/crisolfm\/wp-json\/wp\/v2\/posts\/7735","targetHints":{"allow":["GET"]}}],"collection":[{"href":"https:\/\/sertv.gob.pa\/crisolfm\/wp-json\/wp\/v2\/posts"}],"about":[{"href":"https:\/\/sertv.gob.pa\/crisolfm\/wp-json\/wp\/v2\/types\/post"}],"author":[{"embeddable":true,"href":"https:\/\/sertv.gob.pa\/crisolfm\/wp-json\/wp\/v2\/users\/1"}],"replies":[{"embeddable":true,"href":"https:\/\/sertv.gob.pa\/crisolfm\/wp-json\/wp\/v2\/comments?post=7735"}],"version-history":[{"count":0,"href":"https:\/\/sertv.gob.pa\/crisolfm\/wp-json\/wp\/v2\/posts\/7735\/revisions"}],"wp:featuredmedia":[{"embeddable":true,"href":"https:\/\/sertv.gob.pa\/crisolfm\/wp-json\/wp\/v2\/media\/7736"}],"wp:attachment":[{"href":"https:\/\/sertv.gob.pa\/crisolfm\/wp-json\/wp\/v2\/media?parent=7735"}],"wp:term":[{"taxonomy":"category","embeddable":true,"href":"https:\/\/sertv.gob.pa\/crisolfm\/wp-json\/wp\/v2\/categories?post=7735"},{"taxonomy":"post_tag","embeddable":true,"href":"https:\/\/sertv.gob.pa\/crisolfm\/wp-json\/wp\/v2\/tags?post=7735"}],"curies":[{"name":"wp","href":"https:\/\/api.w.org\/{rel}","templated":true}]}}