{"id":7739,"date":"2017-03-10T16:30:54","date_gmt":"2017-03-10T16:30:54","guid":{"rendered":""},"modified":"2017-03-10T16:30:54","modified_gmt":"2017-03-10T16:30:54","slug":"reserva-de-nicaragua-soporto-el-60-de-los-danos-de-huracan-otto","status":"publish","type":"post","link":"https:\/\/sertv.gob.pa\/crisolfm\/reserva-de-nicaragua-soporto-el-60-de-los-danos-de-huracan-otto\/","title":{"rendered":"Reserva de Nicaragua soport\u00f3 el 60% de los da\u00f1os de hurac\u00e1n Otto"},"content":{"rendered":"<p>\nLa Reserva Biol\u00f3gica Indio Ma\u00edz soport\u00f3 el 60% de los da\u00f1os ambientales causados por el hurac\u00e1n Otto, que impact\u00f3 el sureste de Nicaragua y el norte de Costa Rica en noviembre pasado, informaron dos oeneg\u00e9s. <\/p>\n<p>En Nicaragua, Indio Ma\u00edz es el punto donde impact\u00f3 Otto el 24 de noviembre, en categor\u00eda 2 de la escala Saffir-Simpson, de un m\u00e1ximo de 5. Seg\u00fan el estudio del Centro Humboldt y la Fundaci\u00f3n del R\u00edo, al soportar el impacto de Otto la reserva biol\u00f3gica evit\u00f3 que el hurac\u00e1n provocara da\u00f1os mayores en Nicaragua. <\/p>\n<p>Sin embargo, las afectaciones fueron considerables en el \u00e1rea, ya que el 64.5 % de los \u00e1rboles da\u00f1ados por Otto &lsquo;quedaron muertos, sin condiciones para la regeneraci\u00f3n&#8217;, afirm\u00f3 el cient\u00edfico de la Fundaci\u00f3n del R\u00edo Amaru Ruiz. Como resultado, hubo &lsquo;p\u00e9rdida de h\u00e1bitats de especies, especialmente los monos, que no tienen qu\u00e9 comer, se alter\u00f3 la zona de reproducci\u00f3n de aves, anfibios y reptiles, y se registr\u00f3 una mortandad de peces por falta de ox\u00edgeno y contaminaci\u00f3n de su ambiente&#8217;, a\u00f1adi\u00f3 Ruiz. <\/p>\n<p>\u00a0 <\/p>\n","protected":false},"excerpt":{"rendered":"<p>La Reserva Biol\u00f3gica Indio Ma\u00edz soport\u00f3 el 60% de los <a href=\"https:\/\/sertv.gob.pa\/crisolfm\/reserva-de-nicaragua-soporto-el-60-de-los-danos-de-huracan-otto\/\"> [&#8230;]<\/a><\/p>\n","protected":false},"author":1,"featured_media":7740,"comment_status":"closed","ping_status":"closed","sticky":false,"template":"","format":"standard","meta":{"footnotes":""},"categories":[7],"tags":[],"class_list":["post-7739","post","type-post","status-publish","format-standard","has-post-thumbnail","hentry","category-ecologicas"],"_links":{"self":[{"href":"https:\/\/sertv.gob.pa\/crisolfm\/wp-json\/wp\/v2\/posts\/7739","targetHints":{"allow":["GET"]}}],"collection":[{"href":"https:\/\/sertv.gob.pa\/crisolfm\/wp-json\/wp\/v2\/posts"}],"about":[{"href":"https:\/\/sertv.gob.pa\/crisolfm\/wp-json\/wp\/v2\/types\/post"}],"author":[{"embeddable":true,"href":"https:\/\/sertv.gob.pa\/crisolfm\/wp-json\/wp\/v2\/users\/1"}],"replies":[{"embeddable":true,"href":"https:\/\/sertv.gob.pa\/crisolfm\/wp-json\/wp\/v2\/comments?post=7739"}],"version-history":[{"count":0,"href":"https:\/\/sertv.gob.pa\/crisolfm\/wp-json\/wp\/v2\/posts\/7739\/revisions"}],"wp:featuredmedia":[{"embeddable":true,"href":"https:\/\/sertv.gob.pa\/crisolfm\/wp-json\/wp\/v2\/media\/7740"}],"wp:attachment":[{"href":"https:\/\/sertv.gob.pa\/crisolfm\/wp-json\/wp\/v2\/media?parent=7739"}],"wp:term":[{"taxonomy":"category","embeddable":true,"href":"https:\/\/sertv.gob.pa\/crisolfm\/wp-json\/wp\/v2\/categories?post=7739"},{"taxonomy":"post_tag","embeddable":true,"href":"https:\/\/sertv.gob.pa\/crisolfm\/wp-json\/wp\/v2\/tags?post=7739"}],"curies":[{"name":"wp","href":"https:\/\/api.w.org\/{rel}","templated":true}]}}