{"id":7763,"date":"2017-03-14T15:56:23","date_gmt":"2017-03-14T15:56:23","guid":{"rendered":""},"modified":"2017-03-14T15:56:23","modified_gmt":"2017-03-14T15:56:23","slug":"ambiente-advierte-de-ingreso-de-vientos-norte-en-el-salvador","status":"publish","type":"post","link":"https:\/\/sertv.gob.pa\/crisolfm\/ambiente-advierte-de-ingreso-de-vientos-norte-en-el-salvador\/","title":{"rendered":"Ambiente advierte de ingreso de vientos norte en El Salvador"},"content":{"rendered":"<p>\nAyer el Gobierno de El Salvador advirti\u00f3 el ingreso de vientos norte de d\u00e9biles a moderados a partir de hoy, martes, que se podr\u00edan incrementar en las \u00faltimas horas del d\u00eda. <\/p>\n<p>La fuente detall\u00f3 que las velocidades de estos vientos oscilar\u00e1n entre los 10 a 25 kil\u00f3metros por hora y m\u00e1ximos de 30 a 40 kil\u00f3metros por hora, siendo m\u00e1s sensibles en zonas altas y monta\u00f1osas del pa\u00eds. <\/p>\n<p>El ingreso de los vientos nortes al pa\u00eds es producto de un frente fr\u00edo que pasa al norte de Centroam\u00e9rica y un sistema de alta presi\u00f3n ubicado al norte de Texas, EE.UU. <\/p>\n<p>Ante dicha situaci\u00f3n, la entidad gubernamental recomend\u00f3 a la poblaci\u00f3n mantenerse informada sobre el pron\u00f3stico meteorol\u00f3gico que se emite a fin de tomar las medidas preventivas adecuadas. Adem\u00e1s, solicit\u00f3 que se acaten las recomendaciones emitidas por la Direcci\u00f3n General de Protecci\u00f3n Civil. <\/p>\n<p>\u00a0 <\/p>\n","protected":false},"excerpt":{"rendered":"<p>Ayer el Gobierno de El Salvador advirti\u00f3 el ingreso de <a href=\"https:\/\/sertv.gob.pa\/crisolfm\/ambiente-advierte-de-ingreso-de-vientos-norte-en-el-salvador\/\"> [&#8230;]<\/a><\/p>\n","protected":false},"author":1,"featured_media":7764,"comment_status":"closed","ping_status":"closed","sticky":false,"template":"","format":"standard","meta":{"footnotes":""},"categories":[7],"tags":[],"class_list":["post-7763","post","type-post","status-publish","format-standard","has-post-thumbnail","hentry","category-ecologicas"],"_links":{"self":[{"href":"https:\/\/sertv.gob.pa\/crisolfm\/wp-json\/wp\/v2\/posts\/7763","targetHints":{"allow":["GET"]}}],"collection":[{"href":"https:\/\/sertv.gob.pa\/crisolfm\/wp-json\/wp\/v2\/posts"}],"about":[{"href":"https:\/\/sertv.gob.pa\/crisolfm\/wp-json\/wp\/v2\/types\/post"}],"author":[{"embeddable":true,"href":"https:\/\/sertv.gob.pa\/crisolfm\/wp-json\/wp\/v2\/users\/1"}],"replies":[{"embeddable":true,"href":"https:\/\/sertv.gob.pa\/crisolfm\/wp-json\/wp\/v2\/comments?post=7763"}],"version-history":[{"count":0,"href":"https:\/\/sertv.gob.pa\/crisolfm\/wp-json\/wp\/v2\/posts\/7763\/revisions"}],"wp:featuredmedia":[{"embeddable":true,"href":"https:\/\/sertv.gob.pa\/crisolfm\/wp-json\/wp\/v2\/media\/7764"}],"wp:attachment":[{"href":"https:\/\/sertv.gob.pa\/crisolfm\/wp-json\/wp\/v2\/media?parent=7763"}],"wp:term":[{"taxonomy":"category","embeddable":true,"href":"https:\/\/sertv.gob.pa\/crisolfm\/wp-json\/wp\/v2\/categories?post=7763"},{"taxonomy":"post_tag","embeddable":true,"href":"https:\/\/sertv.gob.pa\/crisolfm\/wp-json\/wp\/v2\/tags?post=7763"}],"curies":[{"name":"wp","href":"https:\/\/api.w.org\/{rel}","templated":true}]}}