{"id":7765,"date":"2017-03-14T16:28:17","date_gmt":"2017-03-14T16:28:17","guid":{"rendered":""},"modified":"2017-03-14T16:28:17","modified_gmt":"2017-03-14T16:28:17","slug":"para-impulsar-el-turismo-le-haran-mejoras-al-cerro-ancon","status":"publish","type":"post","link":"https:\/\/sertv.gob.pa\/crisolfm\/para-impulsar-el-turismo-le-haran-mejoras-al-cerro-ancon\/","title":{"rendered":"Para impulsar el turismo le har\u00e1n mejoras al cerro Anc\u00f3n"},"content":{"rendered":"<p>\nEl mirador y los predios del cerro Anc\u00f3n, considerado el punto natural m\u00e1s alto de la ciudad capital y uno de sus \u00edconos, ser\u00e1n mejorados para impulsar el turismo sostenible, anunci\u00f3 el alcalde Jos\u00e9 Isabel Bland\u00f3n. <\/p>\n<p>&lsquo;Ese es un lugar al que todos los paname\u00f1os debi\u00e9ramos tener la oportunidad de ir, y quien visite esta ciudad no deber\u00eda dejar de verla desde esa altura, pero hay que decir que da verg\u00fcenza el estado en que se encuentra el mirador&#8217;, indic\u00f3 Bland\u00f3n en una televisora local. <\/p>\n<p>Seg\u00fan Bland\u00f3n, para mejorar el lugar se planea fortalecer la declaratoria de reserva natural del cerro, que ya existe desde la administraci\u00f3n de Juan Carlos Navarro, y desde hace unos dos a\u00f1os se ha estado haciendo la medici\u00f3n para delimitarlo. <\/p>\n<p>A\u00f1adi\u00f3 el alcalde que est\u00e1 en tr\u00e1mite el traspaso de la administraci\u00f3n de la reserva, actualmente responsabilidad del Ministerio de Econom\u00eda y Finanzas, al Ministerio de Ambiente. <\/p>\n<p>Igualmente se proponen establecer c\u00f3mo se va a administrar para asegurar que haya sostenibilidad en la conservaci\u00f3n del sitio y para ello se ha planteado involucrar a la Asociaci\u00f3n Nacional para la Conservaci\u00f3n de la Naturaleza (Anc\u00f3n). <\/p>\n<p>De acuerdo con Bland\u00f3n, todav\u00eda no hay nada en concreto, aunque el Ejecutivo design\u00f3 una comisi\u00f3n que estudia las alternativas de desarrollo sostenible para el emblem\u00e1tico lugar. <\/p>\n<p>\u00a0 <\/p>\n","protected":false},"excerpt":{"rendered":"<p>El mirador y los predios del cerro Anc\u00f3n, considerado el <a href=\"https:\/\/sertv.gob.pa\/crisolfm\/para-impulsar-el-turismo-le-haran-mejoras-al-cerro-ancon\/\"> [&#8230;]<\/a><\/p>\n","protected":false},"author":1,"featured_media":7766,"comment_status":"closed","ping_status":"closed","sticky":false,"template":"","format":"standard","meta":{"footnotes":""},"categories":[7],"tags":[],"class_list":["post-7765","post","type-post","status-publish","format-standard","has-post-thumbnail","hentry","category-ecologicas"],"_links":{"self":[{"href":"https:\/\/sertv.gob.pa\/crisolfm\/wp-json\/wp\/v2\/posts\/7765","targetHints":{"allow":["GET"]}}],"collection":[{"href":"https:\/\/sertv.gob.pa\/crisolfm\/wp-json\/wp\/v2\/posts"}],"about":[{"href":"https:\/\/sertv.gob.pa\/crisolfm\/wp-json\/wp\/v2\/types\/post"}],"author":[{"embeddable":true,"href":"https:\/\/sertv.gob.pa\/crisolfm\/wp-json\/wp\/v2\/users\/1"}],"replies":[{"embeddable":true,"href":"https:\/\/sertv.gob.pa\/crisolfm\/wp-json\/wp\/v2\/comments?post=7765"}],"version-history":[{"count":0,"href":"https:\/\/sertv.gob.pa\/crisolfm\/wp-json\/wp\/v2\/posts\/7765\/revisions"}],"wp:featuredmedia":[{"embeddable":true,"href":"https:\/\/sertv.gob.pa\/crisolfm\/wp-json\/wp\/v2\/media\/7766"}],"wp:attachment":[{"href":"https:\/\/sertv.gob.pa\/crisolfm\/wp-json\/wp\/v2\/media?parent=7765"}],"wp:term":[{"taxonomy":"category","embeddable":true,"href":"https:\/\/sertv.gob.pa\/crisolfm\/wp-json\/wp\/v2\/categories?post=7765"},{"taxonomy":"post_tag","embeddable":true,"href":"https:\/\/sertv.gob.pa\/crisolfm\/wp-json\/wp\/v2\/tags?post=7765"}],"curies":[{"name":"wp","href":"https:\/\/api.w.org\/{rel}","templated":true}]}}