{"id":7771,"date":"2017-03-15T15:05:02","date_gmt":"2017-03-15T15:05:02","guid":{"rendered":""},"modified":"2017-03-15T15:05:02","modified_gmt":"2017-03-15T15:05:02","slug":"tormenta-de-nieve-en-new-york","status":"publish","type":"post","link":"https:\/\/sertv.gob.pa\/crisolfm\/tormenta-de-nieve-en-new-york\/","title":{"rendered":"Tormenta de nieve en New York"},"content":{"rendered":"<p>\nEl gobernador de Nueva York, Andrew Cuomo, declar\u00f3 el estado de emergencia en la regi\u00f3n, ante la fuerte tormenta de nieve. <\/p>\n<p>&lsquo;Para garantizar que los gobiernos locales tienen los recursos y el apoyo que necesitan para prepararse y responder r\u00e1pidamente a la inminente tormenta invernal, estoy declarado un estado de emergencia a nivel estatal&#8217;, inform\u00f3 Cuomo en un comunicado oficial. <\/p>\n<p>La orden afecta a los 62 condados del estado, incluyendo la ciudad de Nueva York y sus alrededores. Cuomo tambi\u00e9n anunci\u00f3 que los empleados p\u00fablicos no esenciales que vivan en zonas impactadas por el temporal podr\u00e1n quedarse en casa. <\/p>\n<p>El comunicado informa de restricciones en los sistemas de transporte p\u00fablico de la ciudad de Nueva York y sus suburbios. <\/p>\n<p>El metro de Nueva York, que utilizan a diario millones de personas, funcionar\u00e1 sin restricciones en las v\u00edas subterr\u00e1neas, pero se cortar\u00e1 el servicio en los tramos al aire libre desde las 4.00 hora local del martes (8.00 GMT). <\/p>\n<p>El estado de emergencia permite a las autoridades civiles prerrogativas especiales para hacer frente a calamidades p\u00fablicas o actividades que exigen medidas de seguridad extraordinarias. <\/p>\n<p>Cuomo solicit\u00f3 a los ciudadanos de Nueva York que se mantengan informados, &lsquo;eviten viajes innecesarios y, cuando sea posible, salgan pronto del trabajo&#8217;. <\/p>\n<p>Las nieves m\u00e1s fuertes pueden llegar a alcanzar los 61 cent\u00edmetros, y se estima que hoy amanezca con \u00a0un volumen de 5 a 7 cent\u00edmetros por hora. <\/p>\n<p>Aunque el gobierno del estado pidi\u00f3 precauci\u00f3n en la circulaci\u00f3n de veh\u00edculos y evitar viajes innecesarios, no se han adoptado disposiciones especiales para cortar el tr\u00e1fico. <\/p>\n<p>Por otra parte, un total de 13 vuelos entre la Rep\u00fablica Dominicana y Estados Unidos fueron cancelados debido a la tormenta de nieve que afectar\u00e1 el noroeste del territorio estadounidense. <\/p>\n<p>\u00a0 <\/p>\n","protected":false},"excerpt":{"rendered":"<p>El gobernador de Nueva York, Andrew Cuomo, declar\u00f3 el estado <a href=\"https:\/\/sertv.gob.pa\/crisolfm\/tormenta-de-nieve-en-new-york\/\"> [&#8230;]<\/a><\/p>\n","protected":false},"author":1,"featured_media":7772,"comment_status":"closed","ping_status":"closed","sticky":false,"template":"","format":"standard","meta":{"footnotes":""},"categories":[7],"tags":[],"class_list":["post-7771","post","type-post","status-publish","format-standard","has-post-thumbnail","hentry","category-ecologicas"],"_links":{"self":[{"href":"https:\/\/sertv.gob.pa\/crisolfm\/wp-json\/wp\/v2\/posts\/7771","targetHints":{"allow":["GET"]}}],"collection":[{"href":"https:\/\/sertv.gob.pa\/crisolfm\/wp-json\/wp\/v2\/posts"}],"about":[{"href":"https:\/\/sertv.gob.pa\/crisolfm\/wp-json\/wp\/v2\/types\/post"}],"author":[{"embeddable":true,"href":"https:\/\/sertv.gob.pa\/crisolfm\/wp-json\/wp\/v2\/users\/1"}],"replies":[{"embeddable":true,"href":"https:\/\/sertv.gob.pa\/crisolfm\/wp-json\/wp\/v2\/comments?post=7771"}],"version-history":[{"count":0,"href":"https:\/\/sertv.gob.pa\/crisolfm\/wp-json\/wp\/v2\/posts\/7771\/revisions"}],"wp:featuredmedia":[{"embeddable":true,"href":"https:\/\/sertv.gob.pa\/crisolfm\/wp-json\/wp\/v2\/media\/7772"}],"wp:attachment":[{"href":"https:\/\/sertv.gob.pa\/crisolfm\/wp-json\/wp\/v2\/media?parent=7771"}],"wp:term":[{"taxonomy":"category","embeddable":true,"href":"https:\/\/sertv.gob.pa\/crisolfm\/wp-json\/wp\/v2\/categories?post=7771"},{"taxonomy":"post_tag","embeddable":true,"href":"https:\/\/sertv.gob.pa\/crisolfm\/wp-json\/wp\/v2\/tags?post=7771"}],"curies":[{"name":"wp","href":"https:\/\/api.w.org\/{rel}","templated":true}]}}