{"id":7789,"date":"2017-03-16T16:08:29","date_gmt":"2017-03-16T16:08:29","guid":{"rendered":""},"modified":"2017-03-16T16:08:29","modified_gmt":"2017-03-16T16:08:29","slug":"almanaque-azul-presenta-ii-edicion-de-guia-de-turismo-ecologico","status":"publish","type":"post","link":"https:\/\/sertv.gob.pa\/crisolfm\/almanaque-azul-presenta-ii-edicion-de-guia-de-turismo-ecologico\/","title":{"rendered":"Almanaque Azul presenta II edici\u00f3n de gu\u00eda de turismo ecol\u00f3gico"},"content":{"rendered":"<p>\nLa Fundaci\u00f3n Almanaque Azul presenta la segunda edici\u00f3n de su gu\u00eda de viajes de Panam\u00e1 enfocada en el turismo ecol\u00f3gico y responsable. <\/p>\n<p>El texto, de 560 p\u00e1ginas, contiene fotos a color e ilustraciones de gu\u00edas de animales y plantas, mapas detallados de todo el pa\u00eds y consejos para viajeros locales y extranjeros; y promueve el turismo interno en playas, r\u00edos, monta\u00f1as y pueblos a lo largo del pa\u00eds. <\/p>\n<p>&lsquo;El libro pretende desafiar el estereotipo de Panam\u00e1 que lo reduce a ser el pa\u00eds del para\u00edso fiscal, el turismo de compras y el Canal. Para Almanaque Azul, la verdadera riqueza de Panam\u00e1 no est\u00e1 en los rascacielos, sino en su enorme diversidad cultural y biol\u00f3gica, al igual que en sus r\u00edos y el mar, que podemos ver aqu\u00ed mismo en la ciudad y tambi\u00e9n en much\u00edsimos destinos poco visitados en todo el pa\u00eds&#8217;, indic\u00f3 la Fundaci\u00f3n Almanaque Azul en un comunicado. <\/p>\n<p>La presentaci\u00f3n del libro es hoy a las 6:00 p.m. en la Librer\u00eda Universitaria de la Universidad de Panam\u00e1, y estar\u00e1 a la venta en varios puntos del pa\u00eds (como aparece en www.almanaqueazul.org ) a $25. Adem\u00e1s, se publica bajo una licencia Creative Commons, la cual permite legalmente su copia y modificaci\u00f3n con fines no comerciales. <\/p>\n<p>La obra primero ser\u00e1 publicada en espa\u00f1ol, pero con los fondos obtenidos por la venta en el futuro se tendr\u00e1 una edici\u00f3n en ingl\u00e9s. La primera edici\u00f3n de la gu\u00eda data de 2013 y los fondos para la nueva impresi\u00f3n fueron obtenidos con una campa\u00f1a p\u00fablica en noviembre de 2015. <\/p>\n<p>\u00a0 <\/p>\n","protected":false},"excerpt":{"rendered":"<p>La Fundaci\u00f3n Almanaque Azul presenta la segunda edici\u00f3n de su <a href=\"https:\/\/sertv.gob.pa\/crisolfm\/almanaque-azul-presenta-ii-edicion-de-guia-de-turismo-ecologico\/\"> [&#8230;]<\/a><\/p>\n","protected":false},"author":1,"featured_media":7790,"comment_status":"closed","ping_status":"closed","sticky":false,"template":"","format":"standard","meta":{"footnotes":""},"categories":[7],"tags":[],"class_list":["post-7789","post","type-post","status-publish","format-standard","has-post-thumbnail","hentry","category-ecologicas"],"_links":{"self":[{"href":"https:\/\/sertv.gob.pa\/crisolfm\/wp-json\/wp\/v2\/posts\/7789","targetHints":{"allow":["GET"]}}],"collection":[{"href":"https:\/\/sertv.gob.pa\/crisolfm\/wp-json\/wp\/v2\/posts"}],"about":[{"href":"https:\/\/sertv.gob.pa\/crisolfm\/wp-json\/wp\/v2\/types\/post"}],"author":[{"embeddable":true,"href":"https:\/\/sertv.gob.pa\/crisolfm\/wp-json\/wp\/v2\/users\/1"}],"replies":[{"embeddable":true,"href":"https:\/\/sertv.gob.pa\/crisolfm\/wp-json\/wp\/v2\/comments?post=7789"}],"version-history":[{"count":0,"href":"https:\/\/sertv.gob.pa\/crisolfm\/wp-json\/wp\/v2\/posts\/7789\/revisions"}],"wp:featuredmedia":[{"embeddable":true,"href":"https:\/\/sertv.gob.pa\/crisolfm\/wp-json\/wp\/v2\/media\/7790"}],"wp:attachment":[{"href":"https:\/\/sertv.gob.pa\/crisolfm\/wp-json\/wp\/v2\/media?parent=7789"}],"wp:term":[{"taxonomy":"category","embeddable":true,"href":"https:\/\/sertv.gob.pa\/crisolfm\/wp-json\/wp\/v2\/categories?post=7789"},{"taxonomy":"post_tag","embeddable":true,"href":"https:\/\/sertv.gob.pa\/crisolfm\/wp-json\/wp\/v2\/tags?post=7789"}],"curies":[{"name":"wp","href":"https:\/\/api.w.org\/{rel}","templated":true}]}}