{"id":7795,"date":"2017-03-17T14:58:49","date_gmt":"2017-03-17T14:58:49","guid":{"rendered":""},"modified":"2017-03-17T14:58:49","modified_gmt":"2017-03-17T14:58:49","slug":"el-pacifico-de-costa-rica-es-sacudido-por-sismo-de-magnitud-5-2","status":"publish","type":"post","link":"https:\/\/sertv.gob.pa\/crisolfm\/el-pacifico-de-costa-rica-es-sacudido-por-sismo-de-magnitud-5-2\/","title":{"rendered":"El Pac\u00edfico de Costa Rica es sacudido por sismo de magnitud 5,2"},"content":{"rendered":"<p>\nUn sismo de magnitud 5,2 en la escala abierta de Richter se registr\u00f3 hoy en aguas del oc\u00e9ano Pac\u00edfico de Costa Rica, sin que haya ocasionado da\u00f1os, inform\u00f3 la Red Sismol\u00f3gica Nacional (RSN). <\/p>\n<p>El temblor ocurri\u00f3 a las 04:32 hora local (10:32 GMT) con epicentro en aguas del Pac\u00edfico a 56 kil\u00f3metros al oeste de playa Tamarindo, provincia de Guanacaste (oeste), se\u00f1ala el informe de la RSN. <\/p>\n<p>El sismo se produjo a 17 kil\u00f3metros de profundidad y fue percibido en las comunidades costeras cercanas al epicentro y las localidades de Santa Cruz y Hojancha, todas en Guanacaste. <\/p>\n<p>El origen del movimiento fue la subducci\u00f3n de la placa terrestre del Coco, explic\u00f3 la RSN. Las autoridades no reportan da\u00f1os materiales ni personas afectadas por este suceso. <\/p>\n<p>Costa Rica es un pa\u00eds de frecuente actividad s\u00edsmica y sus habitantes perciben cada a\u00f1o decenas de temblores, de los que muy pocos causan alg\u00fan da\u00f1o. <\/p>\n<p>\u00a0 <\/p>\n","protected":false},"excerpt":{"rendered":"<p>Un sismo de magnitud 5,2 en la escala abierta de <a href=\"https:\/\/sertv.gob.pa\/crisolfm\/el-pacifico-de-costa-rica-es-sacudido-por-sismo-de-magnitud-5-2\/\"> [&#8230;]<\/a><\/p>\n","protected":false},"author":1,"featured_media":7796,"comment_status":"closed","ping_status":"closed","sticky":false,"template":"","format":"standard","meta":{"footnotes":""},"categories":[7],"tags":[],"class_list":["post-7795","post","type-post","status-publish","format-standard","has-post-thumbnail","hentry","category-ecologicas"],"_links":{"self":[{"href":"https:\/\/sertv.gob.pa\/crisolfm\/wp-json\/wp\/v2\/posts\/7795","targetHints":{"allow":["GET"]}}],"collection":[{"href":"https:\/\/sertv.gob.pa\/crisolfm\/wp-json\/wp\/v2\/posts"}],"about":[{"href":"https:\/\/sertv.gob.pa\/crisolfm\/wp-json\/wp\/v2\/types\/post"}],"author":[{"embeddable":true,"href":"https:\/\/sertv.gob.pa\/crisolfm\/wp-json\/wp\/v2\/users\/1"}],"replies":[{"embeddable":true,"href":"https:\/\/sertv.gob.pa\/crisolfm\/wp-json\/wp\/v2\/comments?post=7795"}],"version-history":[{"count":0,"href":"https:\/\/sertv.gob.pa\/crisolfm\/wp-json\/wp\/v2\/posts\/7795\/revisions"}],"wp:featuredmedia":[{"embeddable":true,"href":"https:\/\/sertv.gob.pa\/crisolfm\/wp-json\/wp\/v2\/media\/7796"}],"wp:attachment":[{"href":"https:\/\/sertv.gob.pa\/crisolfm\/wp-json\/wp\/v2\/media?parent=7795"}],"wp:term":[{"taxonomy":"category","embeddable":true,"href":"https:\/\/sertv.gob.pa\/crisolfm\/wp-json\/wp\/v2\/categories?post=7795"},{"taxonomy":"post_tag","embeddable":true,"href":"https:\/\/sertv.gob.pa\/crisolfm\/wp-json\/wp\/v2\/tags?post=7795"}],"curies":[{"name":"wp","href":"https:\/\/api.w.org\/{rel}","templated":true}]}}