{"id":7797,"date":"2017-03-17T15:26:12","date_gmt":"2017-03-17T15:26:12","guid":{"rendered":""},"modified":"2017-03-17T15:26:12","modified_gmt":"2017-03-17T15:26:12","slug":"peru-en-alerta-roja-por-4-dias-de-intensas-lluvias","status":"publish","type":"post","link":"https:\/\/sertv.gob.pa\/crisolfm\/peru-en-alerta-roja-por-4-dias-de-intensas-lluvias\/","title":{"rendered":"Per\u00fa, en alerta roja por 4 d\u00edas de intensas lluvias"},"content":{"rendered":"<p>\nEl presidente de Per\u00fa, Pedro Pablo Kuczynski, asegur\u00f3 que el presupuesto para reparar los da\u00f1os causados por las inundaciones en distintos puntos del pa\u00eds, ocasionadas por 4 d\u00edas de intensas lluvias, \u00a0&lsquo;est\u00e1 absolutamente garantizado&#8217;. <\/p>\n<p>Durante una visita a las zonas afectadas por la crecida del r\u00edo Huaycoloro, en Lima, Kuczynski anunci\u00f3 la puesta en marcha de un programa de empleo temporal en las regiones afectadas por las fuertes lluvias. <\/p>\n","protected":false},"excerpt":{"rendered":"<p>El presidente de Per\u00fa, Pedro Pablo Kuczynski, asegur\u00f3 que el <a href=\"https:\/\/sertv.gob.pa\/crisolfm\/peru-en-alerta-roja-por-4-dias-de-intensas-lluvias\/\"> [&#8230;]<\/a><\/p>\n","protected":false},"author":1,"featured_media":7798,"comment_status":"closed","ping_status":"closed","sticky":false,"template":"","format":"standard","meta":{"footnotes":""},"categories":[7],"tags":[],"class_list":["post-7797","post","type-post","status-publish","format-standard","has-post-thumbnail","hentry","category-ecologicas"],"_links":{"self":[{"href":"https:\/\/sertv.gob.pa\/crisolfm\/wp-json\/wp\/v2\/posts\/7797","targetHints":{"allow":["GET"]}}],"collection":[{"href":"https:\/\/sertv.gob.pa\/crisolfm\/wp-json\/wp\/v2\/posts"}],"about":[{"href":"https:\/\/sertv.gob.pa\/crisolfm\/wp-json\/wp\/v2\/types\/post"}],"author":[{"embeddable":true,"href":"https:\/\/sertv.gob.pa\/crisolfm\/wp-json\/wp\/v2\/users\/1"}],"replies":[{"embeddable":true,"href":"https:\/\/sertv.gob.pa\/crisolfm\/wp-json\/wp\/v2\/comments?post=7797"}],"version-history":[{"count":0,"href":"https:\/\/sertv.gob.pa\/crisolfm\/wp-json\/wp\/v2\/posts\/7797\/revisions"}],"wp:featuredmedia":[{"embeddable":true,"href":"https:\/\/sertv.gob.pa\/crisolfm\/wp-json\/wp\/v2\/media\/7798"}],"wp:attachment":[{"href":"https:\/\/sertv.gob.pa\/crisolfm\/wp-json\/wp\/v2\/media?parent=7797"}],"wp:term":[{"taxonomy":"category","embeddable":true,"href":"https:\/\/sertv.gob.pa\/crisolfm\/wp-json\/wp\/v2\/categories?post=7797"},{"taxonomy":"post_tag","embeddable":true,"href":"https:\/\/sertv.gob.pa\/crisolfm\/wp-json\/wp\/v2\/tags?post=7797"}],"curies":[{"name":"wp","href":"https:\/\/api.w.org\/{rel}","templated":true}]}}