{"id":7813,"date":"2017-03-20T15:46:16","date_gmt":"2017-03-20T15:46:16","guid":{"rendered":""},"modified":"2017-03-20T15:46:16","modified_gmt":"2017-03-20T15:46:16","slug":"lali-ayguade-se-presentara-en-festival-incolectiva-2017","status":"publish","type":"post","link":"https:\/\/sertv.gob.pa\/crisolfm\/lali-ayguade-se-presentara-en-festival-incolectiva-2017\/","title":{"rendered":"Lali Ayguade se presentar\u00e1 en festival InColectiva 2017"},"content":{"rendered":"<p>\nLa joven y experimentada artista espa\u00f1ola, Lali Ayguade, se presentar\u00e1 en el Ateneo de Ciudad del Saber el pr\u00f3ximo 31 de marzo a las 8:00 p.m. <\/p>\n<p>Esa misma noche se presentar\u00e1 el colectivo De Paso Grupo Esc\u00e9nico desde Costa Rica, de la mano de Daisy Servigna y Adriana Cu\u00e9llar, quienes interpretar\u00e1n una creaci\u00f3n de Carmen Werner. <\/p>\n<p>Las intervenciones forman parte del festival de danza contempor\u00e1nea InColectiva 2017, que inicia hoy lunes 20 de marzo. <\/p>\n<p>Las clases abiertas ser\u00e1n el pr\u00f3ximo 26 de marzo a las 10:00 a.m. por Gabriel Rodr\u00edguez (Costa Rica), el 1 de abril a las 10:00 a.m. por De Paso Grupo Esc\u00e9nico y ese mismo d\u00eda a las 12:30 por Lali Ayguade. M\u00e1s info: Wa-taa.org <\/p>\n<p>\u00a0 <\/p>\n","protected":false},"excerpt":{"rendered":"<p>La joven y experimentada artista espa\u00f1ola, Lali Ayguade, se presentar\u00e1 <a href=\"https:\/\/sertv.gob.pa\/crisolfm\/lali-ayguade-se-presentara-en-festival-incolectiva-2017\/\"> [&#8230;]<\/a><\/p>\n","protected":false},"author":1,"featured_media":7814,"comment_status":"closed","ping_status":"closed","sticky":false,"template":"","format":"standard","meta":{"footnotes":""},"categories":[6],"tags":[],"class_list":["post-7813","post","type-post","status-publish","format-standard","has-post-thumbnail","hentry","category-culturales"],"_links":{"self":[{"href":"https:\/\/sertv.gob.pa\/crisolfm\/wp-json\/wp\/v2\/posts\/7813","targetHints":{"allow":["GET"]}}],"collection":[{"href":"https:\/\/sertv.gob.pa\/crisolfm\/wp-json\/wp\/v2\/posts"}],"about":[{"href":"https:\/\/sertv.gob.pa\/crisolfm\/wp-json\/wp\/v2\/types\/post"}],"author":[{"embeddable":true,"href":"https:\/\/sertv.gob.pa\/crisolfm\/wp-json\/wp\/v2\/users\/1"}],"replies":[{"embeddable":true,"href":"https:\/\/sertv.gob.pa\/crisolfm\/wp-json\/wp\/v2\/comments?post=7813"}],"version-history":[{"count":0,"href":"https:\/\/sertv.gob.pa\/crisolfm\/wp-json\/wp\/v2\/posts\/7813\/revisions"}],"wp:featuredmedia":[{"embeddable":true,"href":"https:\/\/sertv.gob.pa\/crisolfm\/wp-json\/wp\/v2\/media\/7814"}],"wp:attachment":[{"href":"https:\/\/sertv.gob.pa\/crisolfm\/wp-json\/wp\/v2\/media?parent=7813"}],"wp:term":[{"taxonomy":"category","embeddable":true,"href":"https:\/\/sertv.gob.pa\/crisolfm\/wp-json\/wp\/v2\/categories?post=7813"},{"taxonomy":"post_tag","embeddable":true,"href":"https:\/\/sertv.gob.pa\/crisolfm\/wp-json\/wp\/v2\/tags?post=7813"}],"curies":[{"name":"wp","href":"https:\/\/api.w.org\/{rel}","templated":true}]}}