{"id":7825,"date":"2017-03-21T15:38:02","date_gmt":"2017-03-21T15:38:02","guid":{"rendered":""},"modified":"2017-03-21T15:38:02","modified_gmt":"2017-03-21T15:38:02","slug":"peru-bajo-el-agua-se-agrava-la-situacion","status":"publish","type":"post","link":"https:\/\/sertv.gob.pa\/crisolfm\/peru-bajo-el-agua-se-agrava-la-situacion\/","title":{"rendered":"Per\u00fa bajo el agua, se agrava la situaci\u00f3n"},"content":{"rendered":"<p>\nUn nuevo frente de lluvias pronosticado amenaza con agravar la situaci\u00f3n en Per\u00fa, un pa\u00eds ya afectado por los fen\u00f3menos meteorol\u00f3gicos ocurridos en las \u00faltimas semanas y que mantiene bajo el agua a algunas regiones, alert\u00f3 el Servicio Nacional de Meteorolog\u00eda e Hidrolog\u00eda (Senamhi). <\/p>\n<p>Las intensas e inusuales lluvias en la costa de Per\u00fa, que han provocado desbordes de r\u00edos y avalanchas, han estado sucediendo por un fen\u00f3meno climatol\u00f3gico parecido a &lsquo;El Ni\u00f1o&#8217;, pero en este caso se ubica solo frente a las costas de Per\u00fa y Ecuador. <\/p>\n<p>A dicho fen\u00f3meno, los cient\u00edficos del Comit\u00e9 Multisectorial para el estudio del Fen\u00f3meno de El Ni\u00f1o de Per\u00fa (Enfen), lo han bautizado como &lsquo;Ni\u00f1o costero&#8217; porque el calentamiento solo ocurre en la zona costera de Per\u00fa y Ecuador, las anomal\u00edas (lluvias torrenciales) se restringen a estos territorios. Indican que el hecho de que el aumento de la temperatura del agua suceda \u00fanicamente frente ambos pa\u00edses, se relaciona con las corrientes de viento que circulan por esta \u00e1rea. <\/p>\n<p>Durante un fen\u00f3meno de El Ni\u00f1o, la temperatura del agua se incrementa en toda la franja ecuatorial del oc\u00e9ano Pac\u00edfico, hasta la costa norte de Estados Unidos, y los efectos se sienten en todo el mundo: lluvias monz\u00f3nicas d\u00e9biles en India, inviernos m\u00e1s fr\u00edos en Europa, tifones en Asia y sequ\u00edas en Indonesia y Australia, y otras calamidades. <\/p>\n<p>Seg\u00fan las autoridades, desde diciembre pasado y hasta el lunes, el fen\u00f3meno ha dejado unas 75 personas fallecidas, 627,048 afectados y 100,169 damnificados. <\/p>\n<p>La entidad meteorol\u00f3gica prev\u00e9 tormentas el\u00e9ctricas y lluvias intensas entre hoy martes y el jueves. <\/p>\n<p>\u00a0 <\/p>\n","protected":false},"excerpt":{"rendered":"<p>Un nuevo frente de lluvias pronosticado amenaza con agravar la <a href=\"https:\/\/sertv.gob.pa\/crisolfm\/peru-bajo-el-agua-se-agrava-la-situacion\/\"> [&#8230;]<\/a><\/p>\n","protected":false},"author":1,"featured_media":7826,"comment_status":"closed","ping_status":"closed","sticky":false,"template":"","format":"standard","meta":{"footnotes":""},"categories":[7],"tags":[],"class_list":["post-7825","post","type-post","status-publish","format-standard","has-post-thumbnail","hentry","category-ecologicas"],"_links":{"self":[{"href":"https:\/\/sertv.gob.pa\/crisolfm\/wp-json\/wp\/v2\/posts\/7825","targetHints":{"allow":["GET"]}}],"collection":[{"href":"https:\/\/sertv.gob.pa\/crisolfm\/wp-json\/wp\/v2\/posts"}],"about":[{"href":"https:\/\/sertv.gob.pa\/crisolfm\/wp-json\/wp\/v2\/types\/post"}],"author":[{"embeddable":true,"href":"https:\/\/sertv.gob.pa\/crisolfm\/wp-json\/wp\/v2\/users\/1"}],"replies":[{"embeddable":true,"href":"https:\/\/sertv.gob.pa\/crisolfm\/wp-json\/wp\/v2\/comments?post=7825"}],"version-history":[{"count":0,"href":"https:\/\/sertv.gob.pa\/crisolfm\/wp-json\/wp\/v2\/posts\/7825\/revisions"}],"wp:featuredmedia":[{"embeddable":true,"href":"https:\/\/sertv.gob.pa\/crisolfm\/wp-json\/wp\/v2\/media\/7826"}],"wp:attachment":[{"href":"https:\/\/sertv.gob.pa\/crisolfm\/wp-json\/wp\/v2\/media?parent=7825"}],"wp:term":[{"taxonomy":"category","embeddable":true,"href":"https:\/\/sertv.gob.pa\/crisolfm\/wp-json\/wp\/v2\/categories?post=7825"},{"taxonomy":"post_tag","embeddable":true,"href":"https:\/\/sertv.gob.pa\/crisolfm\/wp-json\/wp\/v2\/tags?post=7825"}],"curies":[{"name":"wp","href":"https:\/\/api.w.org\/{rel}","templated":true}]}}