{"id":7827,"date":"2017-03-21T15:47:13","date_gmt":"2017-03-21T15:47:13","guid":{"rendered":""},"modified":"2017-03-21T15:47:13","modified_gmt":"2017-03-21T15:47:13","slug":"incendios-forestales-en-el-salvador-se-incrementan","status":"publish","type":"post","link":"https:\/\/sertv.gob.pa\/crisolfm\/incendios-forestales-en-el-salvador-se-incrementan\/","title":{"rendered":"Incendios forestales en El Salvador se incrementan"},"content":{"rendered":"<p>\nEste a\u00f1o el n\u00famero de incendios registrados en El Salvador se incrementaron en un 44% respecto a 2016, dio a conocer la Direcci\u00f3n Nacional de Protecci\u00f3n Civil del pa\u00eds centroamericano. <\/p>\n<p>Hasta el 19 de marzo se contabilizaron 1,296 incendios, 398 m\u00e1s que en 2016 (898 siniestros), agreg\u00f3 la fuente. <\/p>\n<p>Detall\u00f3 que del total de los incendios, 790 se produjeron en maleza seca, 128 en zonas de bosque y el resto de otro tipo, sin precisar. <\/p>\n<p>Adem\u00e1s, se han quemado 6,196 hect\u00e1reas de terreno, de las que 4,202 corresponden a terrenos forestales. <\/p>\n<p>\u00a0 <\/p>\n","protected":false},"excerpt":{"rendered":"<p>Este a\u00f1o el n\u00famero de incendios registrados en El Salvador <a href=\"https:\/\/sertv.gob.pa\/crisolfm\/incendios-forestales-en-el-salvador-se-incrementan\/\"> [&#8230;]<\/a><\/p>\n","protected":false},"author":1,"featured_media":7828,"comment_status":"closed","ping_status":"closed","sticky":false,"template":"","format":"standard","meta":{"footnotes":""},"categories":[7],"tags":[],"class_list":["post-7827","post","type-post","status-publish","format-standard","has-post-thumbnail","hentry","category-ecologicas"],"_links":{"self":[{"href":"https:\/\/sertv.gob.pa\/crisolfm\/wp-json\/wp\/v2\/posts\/7827","targetHints":{"allow":["GET"]}}],"collection":[{"href":"https:\/\/sertv.gob.pa\/crisolfm\/wp-json\/wp\/v2\/posts"}],"about":[{"href":"https:\/\/sertv.gob.pa\/crisolfm\/wp-json\/wp\/v2\/types\/post"}],"author":[{"embeddable":true,"href":"https:\/\/sertv.gob.pa\/crisolfm\/wp-json\/wp\/v2\/users\/1"}],"replies":[{"embeddable":true,"href":"https:\/\/sertv.gob.pa\/crisolfm\/wp-json\/wp\/v2\/comments?post=7827"}],"version-history":[{"count":0,"href":"https:\/\/sertv.gob.pa\/crisolfm\/wp-json\/wp\/v2\/posts\/7827\/revisions"}],"wp:featuredmedia":[{"embeddable":true,"href":"https:\/\/sertv.gob.pa\/crisolfm\/wp-json\/wp\/v2\/media\/7828"}],"wp:attachment":[{"href":"https:\/\/sertv.gob.pa\/crisolfm\/wp-json\/wp\/v2\/media?parent=7827"}],"wp:term":[{"taxonomy":"category","embeddable":true,"href":"https:\/\/sertv.gob.pa\/crisolfm\/wp-json\/wp\/v2\/categories?post=7827"},{"taxonomy":"post_tag","embeddable":true,"href":"https:\/\/sertv.gob.pa\/crisolfm\/wp-json\/wp\/v2\/tags?post=7827"}],"curies":[{"name":"wp","href":"https:\/\/api.w.org\/{rel}","templated":true}]}}