{"id":7867,"date":"2017-03-24T05:00:00","date_gmt":"2017-03-24T05:00:00","guid":{"rendered":""},"modified":"2017-03-24T05:00:00","modified_gmt":"2017-03-24T05:00:00","slug":"gobierno-vasco-se-suma-a-la-hora-del-planeta","status":"publish","type":"post","link":"https:\/\/sertv.gob.pa\/crisolfm\/gobierno-vasco-se-suma-a-la-hora-del-planeta\/","title":{"rendered":"Gobierno Vasco se suma a la \u00abHora del Planeta\u00bb"},"content":{"rendered":"<p>\nEl Consejo de Gobierno ha decidido, a propuesta del Departamento de Medio Ambiente, Planificaci\u00f3n Territorial y Vivienda, adherirse a la iniciativa internacional denominada La Hora del Planeta, cuyo fin es sensibilizar a la poblaci\u00f3n sobre los efectos del cambio clim\u00e1tico. Con este motivo, ma\u00f1ana s\u00e1bado, 25 de marzo, entre las 20.30 y las 21.30 horas apagar\u00e1 las luces exteriores de sus principales edificios en Lakua (Vitoria-Gasteiz), Gran V\u00eda 85 (Bilbao) y calle Andia, (Donostia-San Sebasti\u00e1n). Tambi\u00e9n se sumar\u00e1n a la iniciativa dependencias del Departamento de Medio Ambiente, Planificaci\u00f3n Territorial y Vivienda como Ihobe, Sociedad P\u00fablica de Gesti\u00f3n Ambiental, en Bilbao, el Centro de Biodiversidad de Euskadi en Urdaibai, y el Centro de interpretaci\u00f3n Txingudi Ekoetxea, en Ir\u00fan. <\/p>\n<p>La &lsquo;Hora del Planeta&rsquo;, que se celebra este a\u00f1o bajo el lema &lsquo;El Planeta primero, que nadie te pare&rsquo;, es una iniciativa que empez\u00f3 en Sidney (Australia) y que se ha extendido a lo largo de todo el mundo convirti\u00e9ndose en uno de los mayores movimientos ambientales de alcance global. <\/p>\n<p>En la edici\u00f3n del a\u00f1o pasado, participaron m\u00e1s de 7.000 ciudades de 178 pa\u00edses, apagaron sus luces 10.400 monumentos y edificios emblem\u00e1ticos, y se celebraron unos 70.000 eventos, cifras que esperan ser superadas en la edici\u00f3n de este a\u00f1o. <\/p>\n<p>La puesta en marcha de iniciativas como la Hora del Planeta, surgidas desde la sociedad civil, contribuyen a una mayor difusi\u00f3n de los retos ambientales y a que la ciudadan\u00eda tome una parte activa en cuestiones que le afectan de forma directa. No podemos olvidar que el a\u00f1o 2016 ha sido el m\u00e1s c\u00e1lido de la historia desde que existen registros. El Gobierno vasco desde su compromiso ambiental de impulsar una econom\u00eda competitiva y baja en carbono, apuesta un a\u00f1o m\u00e1s por apoyar este movimiento, motivo por el que no ha dudado en sumarse al mismo. <\/p>\n<p>\u00a0 <\/p>\n<p>\u00a0 <\/p>\n","protected":false},"excerpt":{"rendered":"<p>El Consejo de Gobierno ha decidido, a propuesta del Departamento <a href=\"https:\/\/sertv.gob.pa\/crisolfm\/gobierno-vasco-se-suma-a-la-hora-del-planeta\/\"> [&#8230;]<\/a><\/p>\n","protected":false},"author":1,"featured_media":7868,"comment_status":"closed","ping_status":"closed","sticky":false,"template":"","format":"standard","meta":{"footnotes":""},"categories":[7],"tags":[],"class_list":["post-7867","post","type-post","status-publish","format-standard","has-post-thumbnail","hentry","category-ecologicas"],"_links":{"self":[{"href":"https:\/\/sertv.gob.pa\/crisolfm\/wp-json\/wp\/v2\/posts\/7867","targetHints":{"allow":["GET"]}}],"collection":[{"href":"https:\/\/sertv.gob.pa\/crisolfm\/wp-json\/wp\/v2\/posts"}],"about":[{"href":"https:\/\/sertv.gob.pa\/crisolfm\/wp-json\/wp\/v2\/types\/post"}],"author":[{"embeddable":true,"href":"https:\/\/sertv.gob.pa\/crisolfm\/wp-json\/wp\/v2\/users\/1"}],"replies":[{"embeddable":true,"href":"https:\/\/sertv.gob.pa\/crisolfm\/wp-json\/wp\/v2\/comments?post=7867"}],"version-history":[{"count":0,"href":"https:\/\/sertv.gob.pa\/crisolfm\/wp-json\/wp\/v2\/posts\/7867\/revisions"}],"wp:featuredmedia":[{"embeddable":true,"href":"https:\/\/sertv.gob.pa\/crisolfm\/wp-json\/wp\/v2\/media\/7868"}],"wp:attachment":[{"href":"https:\/\/sertv.gob.pa\/crisolfm\/wp-json\/wp\/v2\/media?parent=7867"}],"wp:term":[{"taxonomy":"category","embeddable":true,"href":"https:\/\/sertv.gob.pa\/crisolfm\/wp-json\/wp\/v2\/categories?post=7867"},{"taxonomy":"post_tag","embeddable":true,"href":"https:\/\/sertv.gob.pa\/crisolfm\/wp-json\/wp\/v2\/tags?post=7867"}],"curies":[{"name":"wp","href":"https:\/\/api.w.org\/{rel}","templated":true}]}}