{"id":7875,"date":"2017-03-25T05:00:00","date_gmt":"2017-03-25T05:00:00","guid":{"rendered":""},"modified":"2017-03-25T05:00:00","modified_gmt":"2017-03-25T05:00:00","slug":"miles-de-pepinos-de-mar-aparecen-muertos-en-playas-del-mar-menor","status":"publish","type":"post","link":"https:\/\/sertv.gob.pa\/crisolfm\/miles-de-pepinos-de-mar-aparecen-muertos-en-playas-del-mar-menor\/","title":{"rendered":"Miles de pepinos de mar aparecen muertos en playas del Mar Menor"},"content":{"rendered":"<p>\nLa plataforma ciudadana Pacto por el Mar Menor ha denunciado que durante el pasado fin de semana han aparecido miles de holoturias o pepinos de mar muertos en varias playas de la laguna, por lo que han exigido a la Consejer\u00eda de Agua, Agricultura y Medio Ambiente \u00aban\u00e1lisis inmediatos para averiguar a qu\u00e9 se debe esa muerte masiva\u00bb. <\/p>\n<p>Igualmente, ha criticado que los vertidos al Mar Menor por la rambla del Albuj\u00f3n, principalmente, \u00abno han cesado en ning\u00fan momento a pesar de que la Consejer\u00eda declar\u00f3 vertido cero en julio de 2016 con el sellado de la canalizaci\u00f3n de salmueras procedentes de las desalobradoras del Campo de Cartagena\u00bb. <\/p>\n<p>Asimismo, tal como solicitaron por escrito a esta Consejer\u00eda, han demandado que se les faciliten urgentemente los resultados de an\u00e1lisis realizados por la UMU de la arena con la que se han rellenado playas del Mar Menor y La Manga procedentes de las golas de Marchamalo y El Estacio, adem\u00e1s de otras procedencias. <\/p>\n<p>Los dragados y reposici\u00f3n de arena \u00abse ha hecho en contra de lo expresado por el Comit\u00e9 Cient\u00edfico\u00bb. \u00abSorprende comprobar la falta de informaci\u00f3n sobre la evoluci\u00f3n del estado de la eutrofizaci\u00f3n de la laguna, ya que en ese primer Informe de Oto\u00f1o no se incluye ni se valora el contenido de nutrientes inorg\u00e1nicos, a pesar de ser el factor fundamental del proceso de deterioro de la masa de agua\u00bb, critica. <\/p>\n<p>Tampoco se han hecho p\u00fablicos los resultados anunciados en febrero sobre los resultados de las pruebas de la planta piloto de Los Alc\u00e1zares sobre la desnitrificaci\u00f3n de las aguas que llegan al Mar Menor, \u00aba pesar de haberse declarado que ten\u00edan un 94% de rendimiento, por lo que exigimos datos reales que prueben estos datos\u00bb. <\/p>\n<p>Y \u00absiguen sin aparecer datos de nutrientes posteriores al 25 de enero en el Canal Mar Menor a pesar de que los an\u00e1lisis son semanales y de que han sido solicitados a la Consejer\u00eda en repetidas ocasiones\u00bb. <\/p>\n<p>Aunque muestran su satisfacci\u00f3n porque \u00ablas aguas sean m\u00e1s transparentes durante los \u00faltimos d\u00edas en las inmediaciones de las riberas del Mar Menor, desgraciadamente esto no significa que la salud de la laguna haya mejorado, ya que los nitratos son muy solubles\u00bb. <\/p>\n<p>Por ello, esta Plataforma Social denuncia \u00abla opacidad con la que la administraci\u00f3n viene actuando, no haciendo p\u00fablica la informaci\u00f3n relativa a la evoluci\u00f3n de la laguna, o bien facilitando datos parciales y casi siempre con una demora injustificable\u00bb. <\/p>\n<p>\u00a0 <\/p>\n<p>\u00a0 <\/p>\n","protected":false},"excerpt":{"rendered":"<p>La plataforma ciudadana Pacto por el Mar Menor ha denunciado <a href=\"https:\/\/sertv.gob.pa\/crisolfm\/miles-de-pepinos-de-mar-aparecen-muertos-en-playas-del-mar-menor\/\"> [&#8230;]<\/a><\/p>\n","protected":false},"author":1,"featured_media":7876,"comment_status":"closed","ping_status":"closed","sticky":false,"template":"","format":"standard","meta":{"footnotes":""},"categories":[7],"tags":[],"class_list":["post-7875","post","type-post","status-publish","format-standard","has-post-thumbnail","hentry","category-ecologicas"],"_links":{"self":[{"href":"https:\/\/sertv.gob.pa\/crisolfm\/wp-json\/wp\/v2\/posts\/7875","targetHints":{"allow":["GET"]}}],"collection":[{"href":"https:\/\/sertv.gob.pa\/crisolfm\/wp-json\/wp\/v2\/posts"}],"about":[{"href":"https:\/\/sertv.gob.pa\/crisolfm\/wp-json\/wp\/v2\/types\/post"}],"author":[{"embeddable":true,"href":"https:\/\/sertv.gob.pa\/crisolfm\/wp-json\/wp\/v2\/users\/1"}],"replies":[{"embeddable":true,"href":"https:\/\/sertv.gob.pa\/crisolfm\/wp-json\/wp\/v2\/comments?post=7875"}],"version-history":[{"count":0,"href":"https:\/\/sertv.gob.pa\/crisolfm\/wp-json\/wp\/v2\/posts\/7875\/revisions"}],"wp:featuredmedia":[{"embeddable":true,"href":"https:\/\/sertv.gob.pa\/crisolfm\/wp-json\/wp\/v2\/media\/7876"}],"wp:attachment":[{"href":"https:\/\/sertv.gob.pa\/crisolfm\/wp-json\/wp\/v2\/media?parent=7875"}],"wp:term":[{"taxonomy":"category","embeddable":true,"href":"https:\/\/sertv.gob.pa\/crisolfm\/wp-json\/wp\/v2\/categories?post=7875"},{"taxonomy":"post_tag","embeddable":true,"href":"https:\/\/sertv.gob.pa\/crisolfm\/wp-json\/wp\/v2\/tags?post=7875"}],"curies":[{"name":"wp","href":"https:\/\/api.w.org\/{rel}","templated":true}]}}