{"id":7879,"date":"2017-03-27T14:32:51","date_gmt":"2017-03-27T14:32:51","guid":{"rendered":""},"modified":"2017-03-27T14:32:51","modified_gmt":"2017-03-27T14:32:51","slug":"en-peru-el-nino-costero-ha-ocasionado-90-muertos","status":"publish","type":"post","link":"https:\/\/sertv.gob.pa\/crisolfm\/en-peru-el-nino-costero-ha-ocasionado-90-muertos\/","title":{"rendered":"En Per\u00fa el \u2018Ni\u00f1o costero&#8217; ha ocasionado 90 muertos"},"content":{"rendered":"<p>\nEl Ni\u00f1o costero, que hasta el momento ha dejado al menos 90 muertos y unos 800,000 damnificados en Per\u00fa, manten\u00eda ayer sus afectaciones sobre la naci\u00f3n andina, y en la regi\u00f3n de Piura (noroeste) descargaba una intensa lluvia por m\u00e1s de quince horas. <\/p>\n<p>La lluvia empez\u00f3 la noche del s\u00e1bado, con precipitaciones pluviales que llegaron hasta 184 mil\u00edmetros, inform\u00f3 este domingo el presidente del gobierno regional, Fernando Hibck. <\/p>\n<p>A\u00f1adi\u00f3 que los r\u00edos Piura y Tambogrande han aumentado el caudal de sus aguas en 2.371 y 2.163 metros c\u00fabicos por segundo, respectivamente, por lo cual ambos est\u00e1n declarados en alerta roja, al haber llegado al l\u00edmite de la infraestructura. <\/p>\n<p>Once regiones peruanas, especialmente en la regi\u00f3n noroccidental como Tumbes, Piura, Lambayeque, La Libertad y Ancash, est\u00e1n seriamente afectadas por las intensas lluvias torrenciales generadas por la aparici\u00f3n de El Ni\u00f1o costero. <\/p>\n<p>el presidente Kuczynski agradeci\u00f3 &lsquo;al hermano pueblo y Gobierno de Panam\u00e1 por el env\u00edo de carpas y qu\u00edmicos purificadores de agua&#8217;. <\/p>\n<p>\u00a0 <\/p>\n","protected":false},"excerpt":{"rendered":"<p>El Ni\u00f1o costero, que hasta el momento ha dejado al <a href=\"https:\/\/sertv.gob.pa\/crisolfm\/en-peru-el-nino-costero-ha-ocasionado-90-muertos\/\"> [&#8230;]<\/a><\/p>\n","protected":false},"author":1,"featured_media":7880,"comment_status":"closed","ping_status":"closed","sticky":false,"template":"","format":"standard","meta":{"footnotes":""},"categories":[7],"tags":[],"class_list":["post-7879","post","type-post","status-publish","format-standard","has-post-thumbnail","hentry","category-ecologicas"],"_links":{"self":[{"href":"https:\/\/sertv.gob.pa\/crisolfm\/wp-json\/wp\/v2\/posts\/7879","targetHints":{"allow":["GET"]}}],"collection":[{"href":"https:\/\/sertv.gob.pa\/crisolfm\/wp-json\/wp\/v2\/posts"}],"about":[{"href":"https:\/\/sertv.gob.pa\/crisolfm\/wp-json\/wp\/v2\/types\/post"}],"author":[{"embeddable":true,"href":"https:\/\/sertv.gob.pa\/crisolfm\/wp-json\/wp\/v2\/users\/1"}],"replies":[{"embeddable":true,"href":"https:\/\/sertv.gob.pa\/crisolfm\/wp-json\/wp\/v2\/comments?post=7879"}],"version-history":[{"count":0,"href":"https:\/\/sertv.gob.pa\/crisolfm\/wp-json\/wp\/v2\/posts\/7879\/revisions"}],"wp:featuredmedia":[{"embeddable":true,"href":"https:\/\/sertv.gob.pa\/crisolfm\/wp-json\/wp\/v2\/media\/7880"}],"wp:attachment":[{"href":"https:\/\/sertv.gob.pa\/crisolfm\/wp-json\/wp\/v2\/media?parent=7879"}],"wp:term":[{"taxonomy":"category","embeddable":true,"href":"https:\/\/sertv.gob.pa\/crisolfm\/wp-json\/wp\/v2\/categories?post=7879"},{"taxonomy":"post_tag","embeddable":true,"href":"https:\/\/sertv.gob.pa\/crisolfm\/wp-json\/wp\/v2\/tags?post=7879"}],"curies":[{"name":"wp","href":"https:\/\/api.w.org\/{rel}","templated":true}]}}