{"id":7887,"date":"2017-03-27T15:59:40","date_gmt":"2017-03-27T15:59:40","guid":{"rendered":""},"modified":"2017-03-27T15:59:40","modified_gmt":"2017-03-27T15:59:40","slug":"en-galapagos-estudian-culebras-endemicas","status":"publish","type":"post","link":"https:\/\/sertv.gob.pa\/crisolfm\/en-galapagos-estudian-culebras-endemicas\/","title":{"rendered":"En Gal\u00e1pagos estudian culebras end\u00e9micas"},"content":{"rendered":"<p>\nExpertos locales e internacionales estudian la diversidad de culebras end\u00e9micas en el archipi\u00e9lago de Gal\u00e1pagos, inform\u00f3 el Parque Nacional Gal\u00e1pagos (PNG). <\/p>\n<p>En el estudio participan expertos de la Universidad de Massey-Nueva Zelanda, la organizaci\u00f3n Island Conservation y la Direcci\u00f3n del Parque Nacional Gal\u00e1pagos (DPNG) del Ministerio del Ambiente. &lsquo;Juntos se han propuesto evaluar la taxonom\u00eda y distribuci\u00f3n de las siete especies de culebras que habitan el archipi\u00e9lago&#8217;, precis\u00f3 PNG en un comunicado. <\/p>\n<p>Apunt\u00f3 que &lsquo;aunque tradicionalmente se ha reconocido a estas especies de culebras, no existe mayor informaci\u00f3n relacionada a su morfolog\u00eda y gen\u00e9tica, por lo que a trav\u00e9s de distintos an\u00e1lisis se podr\u00e1 obtener m\u00e1s datos relacionados con estos dos par\u00e1metros&#8217;. <\/p>\n<p>Detall\u00f3 que en la primera fase de este proyecto, desarrollado a finales de 2015, se obtuvo datos morfol\u00f3gicos y poblacionales de la especie de culebra Pseudalsophis biserialis, conocida como Gal\u00e1pagos racer. En la segunda se incluy\u00f3 una expedici\u00f3n a la isla Fernandina, en donde se obtuvo datos de las especies Pseudalsophis occidentalis y Pseudalsophis slevin i; y la tercera empezar\u00e1 en julio pr\u00f3ximo e integrar\u00e1 nuevos investigadores de universidades internacionales que se suman al estudio, se\u00f1al\u00f3 el PNG. <\/p>\n<p>\u00a0 <\/p>\n","protected":false},"excerpt":{"rendered":"<p>Expertos locales e internacionales estudian la diversidad de culebras end\u00e9micas <a href=\"https:\/\/sertv.gob.pa\/crisolfm\/en-galapagos-estudian-culebras-endemicas\/\"> [&#8230;]<\/a><\/p>\n","protected":false},"author":1,"featured_media":7888,"comment_status":"closed","ping_status":"closed","sticky":false,"template":"","format":"standard","meta":{"footnotes":""},"categories":[7],"tags":[],"class_list":["post-7887","post","type-post","status-publish","format-standard","has-post-thumbnail","hentry","category-ecologicas"],"_links":{"self":[{"href":"https:\/\/sertv.gob.pa\/crisolfm\/wp-json\/wp\/v2\/posts\/7887","targetHints":{"allow":["GET"]}}],"collection":[{"href":"https:\/\/sertv.gob.pa\/crisolfm\/wp-json\/wp\/v2\/posts"}],"about":[{"href":"https:\/\/sertv.gob.pa\/crisolfm\/wp-json\/wp\/v2\/types\/post"}],"author":[{"embeddable":true,"href":"https:\/\/sertv.gob.pa\/crisolfm\/wp-json\/wp\/v2\/users\/1"}],"replies":[{"embeddable":true,"href":"https:\/\/sertv.gob.pa\/crisolfm\/wp-json\/wp\/v2\/comments?post=7887"}],"version-history":[{"count":0,"href":"https:\/\/sertv.gob.pa\/crisolfm\/wp-json\/wp\/v2\/posts\/7887\/revisions"}],"wp:featuredmedia":[{"embeddable":true,"href":"https:\/\/sertv.gob.pa\/crisolfm\/wp-json\/wp\/v2\/media\/7888"}],"wp:attachment":[{"href":"https:\/\/sertv.gob.pa\/crisolfm\/wp-json\/wp\/v2\/media?parent=7887"}],"wp:term":[{"taxonomy":"category","embeddable":true,"href":"https:\/\/sertv.gob.pa\/crisolfm\/wp-json\/wp\/v2\/categories?post=7887"},{"taxonomy":"post_tag","embeddable":true,"href":"https:\/\/sertv.gob.pa\/crisolfm\/wp-json\/wp\/v2\/tags?post=7887"}],"curies":[{"name":"wp","href":"https:\/\/api.w.org\/{rel}","templated":true}]}}