{"id":7893,"date":"2017-03-28T15:23:45","date_gmt":"2017-03-28T15:23:45","guid":{"rendered":""},"modified":"2017-03-28T15:23:45","modified_gmt":"2017-03-28T15:23:45","slug":"63-de-los-glaciares-de-los-andes-se-perdio","status":"publish","type":"post","link":"https:\/\/sertv.gob.pa\/crisolfm\/63-de-los-glaciares-de-los-andes-se-perdio\/","title":{"rendered":"63% de los glaciares de los Andes se perdi\u00f3"},"content":{"rendered":"<p>\nEl 63 % del \u00e1rea glaciar de los Andes tropicales, que abarcan partes de Colombia, Venezuela, Per\u00fa, Ecuador y Bolivia, se ha perdido a lo largo del \u00faltimo medio siglo por el cambio clim\u00e1tico, manifestaron expertos reunidos ayer en Bogot\u00e1. <\/p>\n<p>El dato fue divulgado en la presentaci\u00f3n de las conclusiones del programa &lsquo;Monitoreo de glaciales tropicales andinos en un contexto de cambio clim\u00e1tico&#8217;, que fue financiado por el Banco Interamericano de Desarrollo. <\/p>\n<p>&lsquo;En los \u00faltimos cincuenta a\u00f1os se ha perdido el 63 % del \u00e1rea glaciar en los Andes tropicales, dentro de los que Colombia tiene 37 kil\u00f3metros cuadrados de masa glaciar&#8217;, expres\u00f3 el director del Instituto de Hidrolog\u00eda, Meteorolog\u00eda y Estudios Ambientales de Colombia (Ideam), Omar Franco. <\/p>\n<p>Seg\u00fan el funcionario, de las nieves perpetuas de los Andes colombianos se pierde anualmente entre el 3 % y el 5% &lsquo;y se presume que entre 30 y 40 a\u00f1os se extinguir\u00e1n del todo&#8217;. <\/p>\n<p>Franco destac\u00f3 que el 99% de los glaciares tropicales en el mundo est\u00e1n en los Andes y Colombia posee el 2% de esos heleros. <\/p>\n<p>El funcionario hizo hincapi\u00e9 en la situaci\u00f3n de la Sierra Nevada de Santa Marta, en el departamento caribe\u00f1o de Magdalena, que ha perdido &lsquo;el 92 % de su \u00e1rea (glaciar) en el \u00faltimo siglo y medio&#8217;. <\/p>\n<p>&lsquo;De los 6.7 kil\u00f3metros cuadrados de glaciar que hay en la Sierra Nevada de Santa Marta se ha perdido el 5.5% en el \u00faltimo a\u00f1o y se presume que se extinguir\u00e1 en treinta a\u00f1os&#8217;, a\u00f1adi\u00f3. <\/p>\n<p>\u00a0 <\/p>\n","protected":false},"excerpt":{"rendered":"<p>El 63 % del \u00e1rea glaciar de los Andes tropicales, <a href=\"https:\/\/sertv.gob.pa\/crisolfm\/63-de-los-glaciares-de-los-andes-se-perdio\/\"> [&#8230;]<\/a><\/p>\n","protected":false},"author":1,"featured_media":7894,"comment_status":"closed","ping_status":"closed","sticky":false,"template":"","format":"standard","meta":{"footnotes":""},"categories":[7],"tags":[],"class_list":["post-7893","post","type-post","status-publish","format-standard","has-post-thumbnail","hentry","category-ecologicas"],"_links":{"self":[{"href":"https:\/\/sertv.gob.pa\/crisolfm\/wp-json\/wp\/v2\/posts\/7893","targetHints":{"allow":["GET"]}}],"collection":[{"href":"https:\/\/sertv.gob.pa\/crisolfm\/wp-json\/wp\/v2\/posts"}],"about":[{"href":"https:\/\/sertv.gob.pa\/crisolfm\/wp-json\/wp\/v2\/types\/post"}],"author":[{"embeddable":true,"href":"https:\/\/sertv.gob.pa\/crisolfm\/wp-json\/wp\/v2\/users\/1"}],"replies":[{"embeddable":true,"href":"https:\/\/sertv.gob.pa\/crisolfm\/wp-json\/wp\/v2\/comments?post=7893"}],"version-history":[{"count":0,"href":"https:\/\/sertv.gob.pa\/crisolfm\/wp-json\/wp\/v2\/posts\/7893\/revisions"}],"wp:featuredmedia":[{"embeddable":true,"href":"https:\/\/sertv.gob.pa\/crisolfm\/wp-json\/wp\/v2\/media\/7894"}],"wp:attachment":[{"href":"https:\/\/sertv.gob.pa\/crisolfm\/wp-json\/wp\/v2\/media?parent=7893"}],"wp:term":[{"taxonomy":"category","embeddable":true,"href":"https:\/\/sertv.gob.pa\/crisolfm\/wp-json\/wp\/v2\/categories?post=7893"},{"taxonomy":"post_tag","embeddable":true,"href":"https:\/\/sertv.gob.pa\/crisolfm\/wp-json\/wp\/v2\/tags?post=7893"}],"curies":[{"name":"wp","href":"https:\/\/api.w.org\/{rel}","templated":true}]}}