{"id":7895,"date":"2017-03-28T15:25:32","date_gmt":"2017-03-28T15:25:32","guid":{"rendered":""},"modified":"2017-03-28T15:25:32","modified_gmt":"2017-03-28T15:25:32","slug":"acuerdo-de-cooperacion-pesquera-fue-firmado","status":"publish","type":"post","link":"https:\/\/sertv.gob.pa\/crisolfm\/acuerdo-de-cooperacion-pesquera-fue-firmado\/","title":{"rendered":"Acuerdo de cooperaci\u00f3n pesquera fue firmado"},"content":{"rendered":"<p>\nUn Convenio de Cooperaci\u00f3n para fortalecer e intercambiar conocimientos, experiencias, insumos y recursos, cient\u00edficos y tecnol\u00f3gicos fue firmado entre la Autoridad de los Recursos Acu\u00e1ticos de Panam\u00e1 (ARAP) y la Fundaci\u00f3n Nacional de Pesca (Funapesca), indica un informe oficial de la ARAP. <\/p>\n<p>La administradora general de la ARAP, Zuleika Pinz\u00f3n, se\u00f1al\u00f3, mediante un comunicado de la entidad, que &lsquo;a trav\u00e9s de los recursos que puedan fusionar ambas partes se fortalecer\u00e1 al sector para as\u00ed contribuir al desarrollo de una pesca responsable y sostenible en la regi\u00f3n&#8217;. <\/p>\n<p>En ese sentido, Pinz\u00f3n resalt\u00f3 la labor que efect\u00faa Funapesca y el aporte que brindar\u00e1n a la ARAP para coordinar la promoci\u00f3n y el desarrollo de estrategias, programas y proyectos dirigidos al mejoramiento de las pol\u00edticas y marcos regulatorios. <\/p>\n<p>El director ejecutivo de Funapesca, Marvin Correa, por su parte, agradeci\u00f3 a la ARAP e indic\u00f3 que la firma de este convenio es el primer paso para formalizar y establecer el trabajo conjunto y poner en marcha estudios con el objetivo de conocer el comportamiento y poblaci\u00f3n de las especies para as\u00ed poder tomar las medidas de ordenaci\u00f3n pertinentes. <\/p>\n<p>Luego de la firma del Convenio Marco de Cooperaci\u00f3n se comenzar\u00e1 el desarrollo de proyectos y actividades relacionadas con medidas de manejo de pesquer\u00edas, ordenaci\u00f3n pesquera, protecci\u00f3n, gesti\u00f3n y aprovechamiento sostenible de los recursos pesqueros y acu\u00edcolas, inform\u00f3 la fuente. <\/p>\n<p>En la firma del convenio de cooperaci\u00f3n estuvieron presentes el asesor del Despacho Superior, Epim\u00e9nides D\u00edaz; la jefa de la Oficina Interinstitucional de Recursos Humanos, Eira V\u00e1squez; y Estephanie Acu\u00f1a, por la Direcci\u00f3n de Asesor\u00eda Legal de la ARAP. <\/p>\n<p>\u00a0 <\/p>\n","protected":false},"excerpt":{"rendered":"<p>Un Convenio de Cooperaci\u00f3n para fortalecer e intercambiar conocimientos, experiencias, <a href=\"https:\/\/sertv.gob.pa\/crisolfm\/acuerdo-de-cooperacion-pesquera-fue-firmado\/\"> [&#8230;]<\/a><\/p>\n","protected":false},"author":1,"featured_media":7896,"comment_status":"closed","ping_status":"closed","sticky":false,"template":"","format":"standard","meta":{"footnotes":""},"categories":[7],"tags":[],"class_list":["post-7895","post","type-post","status-publish","format-standard","has-post-thumbnail","hentry","category-ecologicas"],"_links":{"self":[{"href":"https:\/\/sertv.gob.pa\/crisolfm\/wp-json\/wp\/v2\/posts\/7895","targetHints":{"allow":["GET"]}}],"collection":[{"href":"https:\/\/sertv.gob.pa\/crisolfm\/wp-json\/wp\/v2\/posts"}],"about":[{"href":"https:\/\/sertv.gob.pa\/crisolfm\/wp-json\/wp\/v2\/types\/post"}],"author":[{"embeddable":true,"href":"https:\/\/sertv.gob.pa\/crisolfm\/wp-json\/wp\/v2\/users\/1"}],"replies":[{"embeddable":true,"href":"https:\/\/sertv.gob.pa\/crisolfm\/wp-json\/wp\/v2\/comments?post=7895"}],"version-history":[{"count":0,"href":"https:\/\/sertv.gob.pa\/crisolfm\/wp-json\/wp\/v2\/posts\/7895\/revisions"}],"wp:featuredmedia":[{"embeddable":true,"href":"https:\/\/sertv.gob.pa\/crisolfm\/wp-json\/wp\/v2\/media\/7896"}],"wp:attachment":[{"href":"https:\/\/sertv.gob.pa\/crisolfm\/wp-json\/wp\/v2\/media?parent=7895"}],"wp:term":[{"taxonomy":"category","embeddable":true,"href":"https:\/\/sertv.gob.pa\/crisolfm\/wp-json\/wp\/v2\/categories?post=7895"},{"taxonomy":"post_tag","embeddable":true,"href":"https:\/\/sertv.gob.pa\/crisolfm\/wp-json\/wp\/v2\/tags?post=7895"}],"curies":[{"name":"wp","href":"https:\/\/api.w.org\/{rel}","templated":true}]}}