{"id":7901,"date":"2017-03-28T17:57:53","date_gmt":"2017-03-28T17:57:53","guid":{"rendered":""},"modified":"2017-03-28T17:57:53","modified_gmt":"2017-03-28T17:57:53","slug":"estado-de-emergencia-por-grave-sequia-en-brasil","status":"publish","type":"post","link":"https:\/\/sertv.gob.pa\/crisolfm\/estado-de-emergencia-por-grave-sequia-en-brasil\/","title":{"rendered":"Estado de emergencia por grave sequ\u00eda en Brasil"},"content":{"rendered":"<p>\nEl Gobierno brasile\u00f1o decret\u00f3 el estado de emergencia en 872 ciudades debido a la grave sequ\u00eda que padecen, siendo la mayor\u00eda de ellos en la regi\u00f3n del nordeste, la m\u00e1s pobre del pa\u00eds. <\/p>\n<p>Seg\u00fan la televisi\u00f3n Globo, el estado de Para\u00edba es el que concentra el mayor n\u00famero de municipios afectados: ya son 198 los que comunicaron el problema a la Secretar\u00eda Nacional de Protecci\u00f3n y Defensa Civil, seguido de R\u00edo Grande do Norte y Cear\u00e1, igualmente en el nordeste, con 154 y 140 ciudades en estado de emergencia. <\/p>\n<p>La jefa de previsi\u00f3n meteorol\u00f3gica del Instituto Nacional de Meteorolog\u00eda (Inmet), Morgana Almeida, expres\u00f3 que la sequ\u00eda ha sido el reflejo de una acumulaci\u00f3n de impactos ocasionados por el fen\u00f3meno clim\u00e1tico El Ni\u00f1o. <\/p>\n<p>&lsquo;Tenemos que mirar por el espejo retrovisor. El fen\u00f3meno El Ni\u00f1o ha estado sucediendo hace cinco a\u00f1os y alcanz\u00f3 su pico en los \u00faltimos tres. Eso condujo el nordeste semi\u00e1rido a una situaci\u00f3n de sequ\u00eda excepcional, afectando a los embalses que abastecen las ciudades de la regi\u00f3n&#8217;, asegur\u00f3. <\/p>\n<p>El estado de Cear\u00e1, por ejemplo, se est\u00e1 enfrentando a sequ\u00edas consecutivas desde el a\u00f1o 2011, lo que provoc\u00f3 que el nivel de agua almacenado llegara al 8,8 por ciento de los embalses este a\u00f1o, el m\u00e1s bajo en m\u00e1s de 20 a\u00f1os. <\/p>\n<p>Seg\u00fan datos de la Compa\u00f1\u00eda de Agua y Alcantarillado de Para\u00edba (Cagepa), 102 ciudades estaban en racionamiento en el 2016, frente a 198 de este a\u00f1o. Este a\u00f1o, las regiones Nordeste y Centro-Oeste son las m\u00e1s afectadas, pero hace un a\u00f1o Sao Paulo, la mayor ciudad brasile\u00f1a, super\u00f3 la mayor crisis h\u00eddrica de su historia, iniciada en enero de 2014. <\/p>\n<p>\u00a0 <\/p>\n","protected":false},"excerpt":{"rendered":"<p>El Gobierno brasile\u00f1o decret\u00f3 el estado de emergencia en 872 <a href=\"https:\/\/sertv.gob.pa\/crisolfm\/estado-de-emergencia-por-grave-sequia-en-brasil\/\"> [&#8230;]<\/a><\/p>\n","protected":false},"author":1,"featured_media":7902,"comment_status":"closed","ping_status":"closed","sticky":false,"template":"","format":"standard","meta":{"footnotes":""},"categories":[7],"tags":[],"class_list":["post-7901","post","type-post","status-publish","format-standard","has-post-thumbnail","hentry","category-ecologicas"],"_links":{"self":[{"href":"https:\/\/sertv.gob.pa\/crisolfm\/wp-json\/wp\/v2\/posts\/7901","targetHints":{"allow":["GET"]}}],"collection":[{"href":"https:\/\/sertv.gob.pa\/crisolfm\/wp-json\/wp\/v2\/posts"}],"about":[{"href":"https:\/\/sertv.gob.pa\/crisolfm\/wp-json\/wp\/v2\/types\/post"}],"author":[{"embeddable":true,"href":"https:\/\/sertv.gob.pa\/crisolfm\/wp-json\/wp\/v2\/users\/1"}],"replies":[{"embeddable":true,"href":"https:\/\/sertv.gob.pa\/crisolfm\/wp-json\/wp\/v2\/comments?post=7901"}],"version-history":[{"count":0,"href":"https:\/\/sertv.gob.pa\/crisolfm\/wp-json\/wp\/v2\/posts\/7901\/revisions"}],"wp:featuredmedia":[{"embeddable":true,"href":"https:\/\/sertv.gob.pa\/crisolfm\/wp-json\/wp\/v2\/media\/7902"}],"wp:attachment":[{"href":"https:\/\/sertv.gob.pa\/crisolfm\/wp-json\/wp\/v2\/media?parent=7901"}],"wp:term":[{"taxonomy":"category","embeddable":true,"href":"https:\/\/sertv.gob.pa\/crisolfm\/wp-json\/wp\/v2\/categories?post=7901"},{"taxonomy":"post_tag","embeddable":true,"href":"https:\/\/sertv.gob.pa\/crisolfm\/wp-json\/wp\/v2\/tags?post=7901"}],"curies":[{"name":"wp","href":"https:\/\/api.w.org\/{rel}","templated":true}]}}