{"id":7919,"date":"2017-03-30T15:40:11","date_gmt":"2017-03-30T15:40:11","guid":{"rendered":""},"modified":"2017-03-30T15:40:11","modified_gmt":"2017-03-30T15:40:11","slug":"panama-redujo-la-tala-ilegal-en-2016","status":"publish","type":"post","link":"https:\/\/sertv.gob.pa\/crisolfm\/panama-redujo-la-tala-ilegal-en-2016\/","title":{"rendered":"Panam\u00e1 redujo la tala ilegal en 2016"},"content":{"rendered":"<p>\nEn el 2016, Panam\u00e1 logr\u00f3 reducir la tala ilegal, asegur\u00f3 el secretario general del Ministerio de Ambiente (MiAmbiente), F\u00e9lix Wing, durante el panel &lsquo;Agua y bosques: relaci\u00f3n de vida&#8217;, sobre la rendici\u00f3n de cuentas de la entidad ambiental. <\/p>\n<p>&lsquo;La tala ilegal ha disminuido sustancialmente (en Panam\u00e1). El a\u00f1o pasado se retuvo 60% menos madera que el a\u00f1o 2015&#8242;, afirm\u00f3 Wing durante la presentaci\u00f3n de los avances de la Alianza por el Mill\u00f3n de Hect\u00e1reas. <\/p>\n<p>Hasta el 2015, entre el 75% y el 80% de la madera que se consum\u00eda en Panam\u00e1 (110 mil metros c\u00fabicos) proven\u00eda del Dari\u00e9n y era extra\u00edda de manera ilegal, lo que provoc\u00f3 la casi desaparici\u00f3n de especies como caoba y cedro amargo; y casi arras\u00f3 con el cocobolo, seg\u00fan reportes de MiAmbiente. <\/p>\n<p>Es por ello, record\u00f3 Wing, que como parte de la Alianza, desde ese entonces se han coordinado operativos de control en Dari\u00e9n y Panam\u00e1 Este, se hacen inventarios de toda la madera que estaba en los patios de las empresas forestales y di\u00e1logos entre el sector forestal y el Gobierno. Igualmente se logr\u00f3 emitir resoluciones que ahora permiten hacer la explotaci\u00f3n de forma m\u00e1s ordenada, y se empezar\u00e1 la implementaci\u00f3n de la trazabilidad, para lo cual se instalan chips en las tucas, para que los funcionarios puedan ir escaneando y verificar la madera que sale al mercado. A\u00f1adi\u00f3 que, adem\u00e1s, se abord\u00f3 el proyecto de ley de incentivos forestales que se discute en la Asamblea. <\/p>\n<p>Otros proyectos que lleva a cabo MiAmbiente son: seguridad h\u00eddrica, turismo verde y \u00e1reas protegidas, la reactivaci\u00f3n del Comit\u00e9 Nacional de Cambio Clim\u00e1tico y la modernizaci\u00f3n del sistema de evaluaci\u00f3n de impacto ambiental, evaluaci\u00f3n ambiental estrat\u00e9gica. <\/p>\n<p>\u00a0 <\/p>\n","protected":false},"excerpt":{"rendered":"<p>En el 2016, Panam\u00e1 logr\u00f3 reducir la tala ilegal, asegur\u00f3 <a href=\"https:\/\/sertv.gob.pa\/crisolfm\/panama-redujo-la-tala-ilegal-en-2016\/\"> [&#8230;]<\/a><\/p>\n","protected":false},"author":1,"featured_media":7920,"comment_status":"closed","ping_status":"closed","sticky":false,"template":"","format":"standard","meta":{"footnotes":""},"categories":[7],"tags":[],"class_list":["post-7919","post","type-post","status-publish","format-standard","has-post-thumbnail","hentry","category-ecologicas"],"_links":{"self":[{"href":"https:\/\/sertv.gob.pa\/crisolfm\/wp-json\/wp\/v2\/posts\/7919","targetHints":{"allow":["GET"]}}],"collection":[{"href":"https:\/\/sertv.gob.pa\/crisolfm\/wp-json\/wp\/v2\/posts"}],"about":[{"href":"https:\/\/sertv.gob.pa\/crisolfm\/wp-json\/wp\/v2\/types\/post"}],"author":[{"embeddable":true,"href":"https:\/\/sertv.gob.pa\/crisolfm\/wp-json\/wp\/v2\/users\/1"}],"replies":[{"embeddable":true,"href":"https:\/\/sertv.gob.pa\/crisolfm\/wp-json\/wp\/v2\/comments?post=7919"}],"version-history":[{"count":0,"href":"https:\/\/sertv.gob.pa\/crisolfm\/wp-json\/wp\/v2\/posts\/7919\/revisions"}],"wp:featuredmedia":[{"embeddable":true,"href":"https:\/\/sertv.gob.pa\/crisolfm\/wp-json\/wp\/v2\/media\/7920"}],"wp:attachment":[{"href":"https:\/\/sertv.gob.pa\/crisolfm\/wp-json\/wp\/v2\/media?parent=7919"}],"wp:term":[{"taxonomy":"category","embeddable":true,"href":"https:\/\/sertv.gob.pa\/crisolfm\/wp-json\/wp\/v2\/categories?post=7919"},{"taxonomy":"post_tag","embeddable":true,"href":"https:\/\/sertv.gob.pa\/crisolfm\/wp-json\/wp\/v2\/tags?post=7919"}],"curies":[{"name":"wp","href":"https:\/\/api.w.org\/{rel}","templated":true}]}}