{"id":7947,"date":"2017-04-03T15:29:24","date_gmt":"2017-04-03T15:29:24","guid":{"rendered":""},"modified":"2017-04-03T15:29:24","modified_gmt":"2017-04-03T15:29:24","slug":"chiriqui-es-sacudida-por-sismo-de-magnitud-5-8","status":"publish","type":"post","link":"https:\/\/sertv.gob.pa\/crisolfm\/chiriqui-es-sacudida-por-sismo-de-magnitud-5-8\/","title":{"rendered":"Chiriqu\u00ed es sacudida por sismo de magnitud 5,2"},"content":{"rendered":"<p>\nUn sismo de magnitud 5,2, en la escala de Richter sacudi\u00f3 la tarde de este domingo la provincia de Chiriqu\u00ed sin incidentes reportados, confirm\u00f3 el director del Sistema Nacional de Protecci\u00f3n Civil (Sinaproc), Jos\u00e9 Donderis. <\/p>\n<p>\u00abEl origen del sismo de las 5:54pm y magnitud 5,2 es una falla local. En frontera con Costa Rica\u00bb, se\u00f1ala la cuenta de Twitter del Ministerio de Gobierno. <\/p>\n<p>El personal del Sinaproc se halla efectuando las evaluaciones. <\/p>\n<p>Seg\u00fan Donderis, el movimiento tel\u00farico igualmente se sinti\u00f3 en las provincias de Veraguas, Bocas del Toro y Cocl\u00e9. <\/p>\n<p>De acuerdo al Servicio Geol\u00f3gico de Estados Unidos, el sismo se registr\u00f3 a las 18:54 hora de Panam\u00e1 (23:54 GMT), con epicentro a 18 kil\u00f3metros al noreste de Cerro Punta, Chiriqu\u00ed, y a una profundidad de 10 kil\u00f3metros. <\/p>\n<p>Las autoridades de Costa Rica no reportan da\u00f1os ni personas afectadas por el sismo <\/p>\n<p>\u00a0 <\/p>\n","protected":false},"excerpt":{"rendered":"<p>Un sismo de magnitud 5,2, en la escala de Richter <a href=\"https:\/\/sertv.gob.pa\/crisolfm\/chiriqui-es-sacudida-por-sismo-de-magnitud-5-8\/\"> [&#8230;]<\/a><\/p>\n","protected":false},"author":1,"featured_media":7948,"comment_status":"closed","ping_status":"closed","sticky":false,"template":"","format":"standard","meta":{"footnotes":""},"categories":[7],"tags":[],"class_list":["post-7947","post","type-post","status-publish","format-standard","has-post-thumbnail","hentry","category-ecologicas"],"_links":{"self":[{"href":"https:\/\/sertv.gob.pa\/crisolfm\/wp-json\/wp\/v2\/posts\/7947","targetHints":{"allow":["GET"]}}],"collection":[{"href":"https:\/\/sertv.gob.pa\/crisolfm\/wp-json\/wp\/v2\/posts"}],"about":[{"href":"https:\/\/sertv.gob.pa\/crisolfm\/wp-json\/wp\/v2\/types\/post"}],"author":[{"embeddable":true,"href":"https:\/\/sertv.gob.pa\/crisolfm\/wp-json\/wp\/v2\/users\/1"}],"replies":[{"embeddable":true,"href":"https:\/\/sertv.gob.pa\/crisolfm\/wp-json\/wp\/v2\/comments?post=7947"}],"version-history":[{"count":0,"href":"https:\/\/sertv.gob.pa\/crisolfm\/wp-json\/wp\/v2\/posts\/7947\/revisions"}],"wp:featuredmedia":[{"embeddable":true,"href":"https:\/\/sertv.gob.pa\/crisolfm\/wp-json\/wp\/v2\/media\/7948"}],"wp:attachment":[{"href":"https:\/\/sertv.gob.pa\/crisolfm\/wp-json\/wp\/v2\/media?parent=7947"}],"wp:term":[{"taxonomy":"category","embeddable":true,"href":"https:\/\/sertv.gob.pa\/crisolfm\/wp-json\/wp\/v2\/categories?post=7947"},{"taxonomy":"post_tag","embeddable":true,"href":"https:\/\/sertv.gob.pa\/crisolfm\/wp-json\/wp\/v2\/tags?post=7947"}],"curies":[{"name":"wp","href":"https:\/\/api.w.org\/{rel}","templated":true}]}}