{"id":7973,"date":"2017-04-05T16:02:08","date_gmt":"2017-04-05T16:02:08","guid":{"rendered":""},"modified":"2017-04-05T16:02:08","modified_gmt":"2017-04-05T16:02:08","slug":"ola-de-calor-eleva-los-termometros-en-centroamerica","status":"publish","type":"post","link":"https:\/\/sertv.gob.pa\/crisolfm\/ola-de-calor-eleva-los-termometros-en-centroamerica\/","title":{"rendered":"Ola de calor eleva los term\u00f3metros en Centroam\u00e9rica"},"content":{"rendered":"<p>\nUna ola de calor abate a buena parte de Centroam\u00e9rica y las temperaturas ya superan los 40 grados cent\u00edgrados en algunas zonas, con alertas de que la sensaci\u00f3n t\u00e9rmica puede remontar hasta los 47 grados como en el caso paname\u00f1o. <\/p>\n<p>Aunque esta es una \u00e9poca en la que normalmente hace calor, la desesperaci\u00f3n de la poblaci\u00f3n es evidente en las redes sociales, donde sobran las quejas, mientras se repiten escenas en las calles de gente ba\u00f1ada en sudor y los sistemas el\u00e9ctricos nacionales son exigidos al m\u00e1ximo por los equipos de ventilaci\u00f3n y aire acondicionado. <\/p>\n<p>Las autoridades de Honduras se\u00f1alaron que en el sur, la zona m\u00e1s c\u00e1lida del pa\u00eds, hay reportes de que la temperatura ha marcado los 40 grados cent\u00edgrados, mientras que en el norte ha oscilado entre los 34 y 38. <\/p>\n<p>En el departamento occidental de Intibuc\u00e1, la regi\u00f3n m\u00e1s fr\u00eda de Honduras, el term\u00f3metro ha llegado a los 27 grados cuando normalmente la temperatura promedio oscila entre 16 y 24 grados. <\/p>\n<p>El dr\u00e1stico cambio del clima ha disparado las enfermedades respiratorias, principalmente entre los ni\u00f1os y adultos mayores, lo mismo que el consumo de electricidad, han dicho las autoridades hondure\u00f1as, al tiempo que usuarios se quejan del colapso del sistema y denuncian cortes de hasta 12 horas. <\/p>\n<p> En\u00a0Panam\u00e1\u00a0las temperaturas rozaron los 34 grados cent\u00edgrados en las \u00faltimas horas, pero la sensaci\u00f3n t\u00e9rmica, o la reacci\u00f3n del cuerpo humano ante el conjunto de condiciones del ambiente, lleg\u00f3 a 42 grados y puede seguir aumentando hasta alcanzar los 47.  <\/p>\n<p>As\u00ed lo dijo la Empresa de Transmisi\u00f3n El\u00e9ctrica (ETESA) que este martes explic\u00f3 que en abril los rayos solares inciden en forma casi perpendicular sobre\u00a0Panam\u00e1, lo que hace que sea uno de los meses m\u00e1s calientes del a\u00f1o. <\/p>\n<p>\u00a0 <\/p>\n","protected":false},"excerpt":{"rendered":"<p>Una ola de calor abate a buena parte de Centroam\u00e9rica <a href=\"https:\/\/sertv.gob.pa\/crisolfm\/ola-de-calor-eleva-los-termometros-en-centroamerica\/\"> [&#8230;]<\/a><\/p>\n","protected":false},"author":1,"featured_media":7974,"comment_status":"closed","ping_status":"closed","sticky":false,"template":"","format":"standard","meta":{"footnotes":""},"categories":[7],"tags":[],"class_list":["post-7973","post","type-post","status-publish","format-standard","has-post-thumbnail","hentry","category-ecologicas"],"_links":{"self":[{"href":"https:\/\/sertv.gob.pa\/crisolfm\/wp-json\/wp\/v2\/posts\/7973","targetHints":{"allow":["GET"]}}],"collection":[{"href":"https:\/\/sertv.gob.pa\/crisolfm\/wp-json\/wp\/v2\/posts"}],"about":[{"href":"https:\/\/sertv.gob.pa\/crisolfm\/wp-json\/wp\/v2\/types\/post"}],"author":[{"embeddable":true,"href":"https:\/\/sertv.gob.pa\/crisolfm\/wp-json\/wp\/v2\/users\/1"}],"replies":[{"embeddable":true,"href":"https:\/\/sertv.gob.pa\/crisolfm\/wp-json\/wp\/v2\/comments?post=7973"}],"version-history":[{"count":0,"href":"https:\/\/sertv.gob.pa\/crisolfm\/wp-json\/wp\/v2\/posts\/7973\/revisions"}],"wp:featuredmedia":[{"embeddable":true,"href":"https:\/\/sertv.gob.pa\/crisolfm\/wp-json\/wp\/v2\/media\/7974"}],"wp:attachment":[{"href":"https:\/\/sertv.gob.pa\/crisolfm\/wp-json\/wp\/v2\/media?parent=7973"}],"wp:term":[{"taxonomy":"category","embeddable":true,"href":"https:\/\/sertv.gob.pa\/crisolfm\/wp-json\/wp\/v2\/categories?post=7973"},{"taxonomy":"post_tag","embeddable":true,"href":"https:\/\/sertv.gob.pa\/crisolfm\/wp-json\/wp\/v2\/tags?post=7973"}],"curies":[{"name":"wp","href":"https:\/\/api.w.org\/{rel}","templated":true}]}}