{"id":7997,"date":"2017-04-07T16:09:42","date_gmt":"2017-04-07T16:09:42","guid":{"rendered":""},"modified":"2017-04-07T16:09:42","modified_gmt":"2017-04-07T16:09:42","slug":"festi-harpia-2017-en-el-parque-summit","status":"publish","type":"post","link":"https:\/\/sertv.gob.pa\/crisolfm\/festi-harpia-2017-en-el-parque-summit\/","title":{"rendered":"Festi Harp\u00eda 2017 en el Parque Summit"},"content":{"rendered":"<p>\nEste domingo, 9 de abril, se llevar\u00e1 a cabo en el Parque Municipal Summit la XV edici\u00f3n del Festi Harp\u00eda 2017, cuyo prop\u00f3sito es rendir homenaje y promover la conservaci\u00f3n del Ave Nacional de Panam\u00e1 y su h\u00e1bitat. <\/p>\n<p>El festival se realizar\u00e1 en horario de 9:00 a.m. a 4:00 p.m. donde \u00a0podr\u00e1n apreciar a \u00abPanam\u00e1\u00bb, el quinto \u00e1guila harp\u00eda que alberga el Parque Municipal Summit, luego a Sony, Metro, Anc\u00f3n y el \u00faltimo, Cheyenne, quien vivi\u00f3 51 a\u00f1os; por lo que se espera que Panam\u00e1 est\u00e9 con nosotros por muchos a\u00f1os m\u00e1s. <\/p>\n<p>Los visitantes igualmente podr\u00e1n recorrer el museo ubicado en el lado del recinto de Panam\u00e1, donde podr\u00e1n conocer su aspecto biol\u00f3gico, h\u00e1bitos reproductivos y la influencia que ha tenido esta ave sobre los canaleros desde la \u00e9poca precolombina hasta nuestros d\u00edas. <\/p>\n<p>El costo de la entrada general es de $2.00, para jubilados y estudiantes con carn\u00e9 \u00a0$1.00, y los menores de 5 a\u00f1os entran gratis. <\/p>\n<p>Adem\u00e1s ese d\u00eda habr\u00e1 una ruta especial de Metro Bus hacia el Parque Summit, de 8:00 a.m. a 3:00 p.m. a un costo de $0.25. El mismo partir\u00e1 desde la Terminal de Albrook Mall, Bah\u00eda E frente a El Costo. <\/p>\n<p>Esta actividad es organizada por la Alcald\u00eda de Panam\u00e1 y el Patronato Amigos del \u00c1guila Harp\u00eda. Los fondos recaudados ser\u00e1n destinados \u00a0al programa de educaci\u00f3n ambiental del Patronato, al mantenimiento del recinto del \u00c1guila Harp\u00eda y otros proyectos relacionados. <\/p>\n<p>Actualmente el \u00e1guila \u00abPanam\u00e1\u00bb tiene 7 a\u00f1os y ocho meses y es el primer \u00e1guila harp\u00eda nacido en un zool\u00f3gico de los Estados Unidos. Lleg\u00f3 a territorio nacional el 15 de junio de 2013. <\/p>\n<p>\u00a0 <\/p>\n","protected":false},"excerpt":{"rendered":"<p>Este domingo, 9 de abril, se llevar\u00e1 a cabo en <a href=\"https:\/\/sertv.gob.pa\/crisolfm\/festi-harpia-2017-en-el-parque-summit\/\"> [&#8230;]<\/a><\/p>\n","protected":false},"author":1,"featured_media":7998,"comment_status":"closed","ping_status":"closed","sticky":false,"template":"","format":"standard","meta":{"footnotes":""},"categories":[7],"tags":[],"class_list":["post-7997","post","type-post","status-publish","format-standard","has-post-thumbnail","hentry","category-ecologicas"],"_links":{"self":[{"href":"https:\/\/sertv.gob.pa\/crisolfm\/wp-json\/wp\/v2\/posts\/7997","targetHints":{"allow":["GET"]}}],"collection":[{"href":"https:\/\/sertv.gob.pa\/crisolfm\/wp-json\/wp\/v2\/posts"}],"about":[{"href":"https:\/\/sertv.gob.pa\/crisolfm\/wp-json\/wp\/v2\/types\/post"}],"author":[{"embeddable":true,"href":"https:\/\/sertv.gob.pa\/crisolfm\/wp-json\/wp\/v2\/users\/1"}],"replies":[{"embeddable":true,"href":"https:\/\/sertv.gob.pa\/crisolfm\/wp-json\/wp\/v2\/comments?post=7997"}],"version-history":[{"count":0,"href":"https:\/\/sertv.gob.pa\/crisolfm\/wp-json\/wp\/v2\/posts\/7997\/revisions"}],"wp:featuredmedia":[{"embeddable":true,"href":"https:\/\/sertv.gob.pa\/crisolfm\/wp-json\/wp\/v2\/media\/7998"}],"wp:attachment":[{"href":"https:\/\/sertv.gob.pa\/crisolfm\/wp-json\/wp\/v2\/media?parent=7997"}],"wp:term":[{"taxonomy":"category","embeddable":true,"href":"https:\/\/sertv.gob.pa\/crisolfm\/wp-json\/wp\/v2\/categories?post=7997"},{"taxonomy":"post_tag","embeddable":true,"href":"https:\/\/sertv.gob.pa\/crisolfm\/wp-json\/wp\/v2\/tags?post=7997"}],"curies":[{"name":"wp","href":"https:\/\/api.w.org\/{rel}","templated":true}]}}