{"id":7999,"date":"2017-04-07T16:29:41","date_gmt":"2017-04-07T16:29:41","guid":{"rendered":""},"modified":"2017-04-07T16:29:41","modified_gmt":"2017-04-07T16:29:41","slug":"con-el-calentamiento-global-las-fuertes-turbulencias-aumentaran","status":"publish","type":"post","link":"https:\/\/sertv.gob.pa\/crisolfm\/con-el-calentamiento-global-las-fuertes-turbulencias-aumentaran\/","title":{"rendered":"Con el calentamiento global las fuertes turbulencias aumentar\u00e1n"},"content":{"rendered":"<p>\nUno de los fen\u00f3menos que m\u00e1s sobresaltos pueden ocasionar durante un vuelo son las turbulencias, provocadas por la presi\u00f3n atmosf\u00e9rica, los frentes de aire fr\u00edo o caliente, las tormentas o los accidentes geogr\u00e1ficos como las monta\u00f1as. <\/p>\n<p>Seg\u00fan la intensidad de las sacudidas, estas perturbaciones atmosf\u00e9ricas pueden tambi\u00e9n provocar que los pasajeros o el personal de vuelo se muevan de sus asientos si no est\u00e1n bien asegurados por el cintur\u00f3n. <\/p>\n<p>Un grupo de cient\u00edficos de la Universidad de Reading sugiere que la posibilidad de sufrir este tipo de fen\u00f3menos puede aumentar el doble o incluso el triple en los pr\u00f3ximos a\u00f1os, debido a los efectos del cambio clim\u00e1tico. <\/p>\n<p>Los investigadores creen que este incremento se debe a que el cambio clim\u00e1tico genera variaciones m\u00e1s fuertes en la direcci\u00f3n o la fuerza de las corrientes de viento bajo el flujo en chorro de la atm\u00f3sfera. Estas alteraciones, que son inestables, son una de las principales causas de las turbulencias. <\/p>\n<p>\u00a0 <\/p>\n<p>\u00a0 <\/p>\n","protected":false},"excerpt":{"rendered":"<p>Uno de los fen\u00f3menos que m\u00e1s sobresaltos pueden ocasionar durante <a href=\"https:\/\/sertv.gob.pa\/crisolfm\/con-el-calentamiento-global-las-fuertes-turbulencias-aumentaran\/\"> [&#8230;]<\/a><\/p>\n","protected":false},"author":1,"featured_media":8000,"comment_status":"closed","ping_status":"closed","sticky":false,"template":"","format":"standard","meta":{"footnotes":""},"categories":[7],"tags":[],"class_list":["post-7999","post","type-post","status-publish","format-standard","has-post-thumbnail","hentry","category-ecologicas"],"_links":{"self":[{"href":"https:\/\/sertv.gob.pa\/crisolfm\/wp-json\/wp\/v2\/posts\/7999","targetHints":{"allow":["GET"]}}],"collection":[{"href":"https:\/\/sertv.gob.pa\/crisolfm\/wp-json\/wp\/v2\/posts"}],"about":[{"href":"https:\/\/sertv.gob.pa\/crisolfm\/wp-json\/wp\/v2\/types\/post"}],"author":[{"embeddable":true,"href":"https:\/\/sertv.gob.pa\/crisolfm\/wp-json\/wp\/v2\/users\/1"}],"replies":[{"embeddable":true,"href":"https:\/\/sertv.gob.pa\/crisolfm\/wp-json\/wp\/v2\/comments?post=7999"}],"version-history":[{"count":0,"href":"https:\/\/sertv.gob.pa\/crisolfm\/wp-json\/wp\/v2\/posts\/7999\/revisions"}],"wp:featuredmedia":[{"embeddable":true,"href":"https:\/\/sertv.gob.pa\/crisolfm\/wp-json\/wp\/v2\/media\/8000"}],"wp:attachment":[{"href":"https:\/\/sertv.gob.pa\/crisolfm\/wp-json\/wp\/v2\/media?parent=7999"}],"wp:term":[{"taxonomy":"category","embeddable":true,"href":"https:\/\/sertv.gob.pa\/crisolfm\/wp-json\/wp\/v2\/categories?post=7999"},{"taxonomy":"post_tag","embeddable":true,"href":"https:\/\/sertv.gob.pa\/crisolfm\/wp-json\/wp\/v2\/tags?post=7999"}],"curies":[{"name":"wp","href":"https:\/\/api.w.org\/{rel}","templated":true}]}}