{"id":8011,"date":"2017-04-10T15:56:56","date_gmt":"2017-04-10T15:56:56","guid":{"rendered":""},"modified":"2017-04-10T15:56:56","modified_gmt":"2017-04-10T15:56:56","slug":"en-el-norte-de-mexico-inauguran-parque-eolico","status":"publish","type":"post","link":"https:\/\/sertv.gob.pa\/crisolfm\/en-el-norte-de-mexico-inauguran-parque-eolico\/","title":{"rendered":"En el norte de M\u00e9xico inauguran parque e\u00f3lico"},"content":{"rendered":"<p>\nCon una inversi\u00f3n de $358 millones se inaugur\u00f3 este fin de semana en el norte\u00f1o estado mexicano de Coahuila un parque e\u00f3lico con capacidad de generaci\u00f3n de 199,5 megavatios y que es derivado de la asociaci\u00f3n de las empresas Energ\u00edas de Portugal Renovables (EDP) e Industrias Pe\u00f1oles. <\/p>\n<p>El gobierno de M\u00e9xico tiene como prop\u00f3sito promover un mercado competitivo para la inversi\u00f3n y el desarrollo de energ\u00edas renovables. La e\u00f3lica es la segunda fuente de electricidad de este tipo en el pa\u00eds. Este nuevo parque e\u00f3lico se localiza en una zona entre los municipios de General Cepeda y Ramos Arizpe, Coahuila, en una extensi\u00f3n de 4.753 hect\u00e1reas, que pertenecen a Industrias Pe\u00f1oles. El parque tiene una capacidad instalada de 199,5 MW, energ\u00eda suficiente para iluminar 300,000 viviendas. <\/p>\n<p>Durante el acto inaugural, el presidente mexicano Enrique Pe\u00f1a Nieto, asegur\u00f3 que gracias a la reforma energ\u00e9tica de 2013, M\u00e9xico es m\u00e1s atractivo para las inversiones en energ\u00edas limpias, y con ello se mantiene el compromiso de generar m\u00e1s electricidad a trav\u00e9s de fuentes renovables. Adem\u00e1s, dijo: &lsquo;pone a M\u00e9xico en su compromiso de ser respetuoso del medio ambiente y de generar energ\u00eda para el consumo en nuestro pa\u00eds venga de fuentes limpias y renovables&#8217;. Se\u00f1al\u00f3 igualmente que M\u00e9xico se est\u00e1 moviendo a ser un pa\u00eds mucho m\u00e1s competitivo y con ello, &lsquo;lograr que empresas que est\u00e9n buscando d\u00f3nde instalarse y d\u00f3nde invertir, est\u00e9n volteando a ver a nuestro pa\u00eds como un destino confiable y que tiene un horizonte y promisorio&#8217;. <\/p>\n<p>\u00a0 <\/p>\n","protected":false},"excerpt":{"rendered":"<p>Con una inversi\u00f3n de $358 millones se inaugur\u00f3 este fin <a href=\"https:\/\/sertv.gob.pa\/crisolfm\/en-el-norte-de-mexico-inauguran-parque-eolico\/\"> [&#8230;]<\/a><\/p>\n","protected":false},"author":1,"featured_media":8012,"comment_status":"closed","ping_status":"closed","sticky":false,"template":"","format":"standard","meta":{"footnotes":""},"categories":[7],"tags":[],"class_list":["post-8011","post","type-post","status-publish","format-standard","has-post-thumbnail","hentry","category-ecologicas"],"_links":{"self":[{"href":"https:\/\/sertv.gob.pa\/crisolfm\/wp-json\/wp\/v2\/posts\/8011","targetHints":{"allow":["GET"]}}],"collection":[{"href":"https:\/\/sertv.gob.pa\/crisolfm\/wp-json\/wp\/v2\/posts"}],"about":[{"href":"https:\/\/sertv.gob.pa\/crisolfm\/wp-json\/wp\/v2\/types\/post"}],"author":[{"embeddable":true,"href":"https:\/\/sertv.gob.pa\/crisolfm\/wp-json\/wp\/v2\/users\/1"}],"replies":[{"embeddable":true,"href":"https:\/\/sertv.gob.pa\/crisolfm\/wp-json\/wp\/v2\/comments?post=8011"}],"version-history":[{"count":0,"href":"https:\/\/sertv.gob.pa\/crisolfm\/wp-json\/wp\/v2\/posts\/8011\/revisions"}],"wp:featuredmedia":[{"embeddable":true,"href":"https:\/\/sertv.gob.pa\/crisolfm\/wp-json\/wp\/v2\/media\/8012"}],"wp:attachment":[{"href":"https:\/\/sertv.gob.pa\/crisolfm\/wp-json\/wp\/v2\/media?parent=8011"}],"wp:term":[{"taxonomy":"category","embeddable":true,"href":"https:\/\/sertv.gob.pa\/crisolfm\/wp-json\/wp\/v2\/categories?post=8011"},{"taxonomy":"post_tag","embeddable":true,"href":"https:\/\/sertv.gob.pa\/crisolfm\/wp-json\/wp\/v2\/tags?post=8011"}],"curies":[{"name":"wp","href":"https:\/\/api.w.org\/{rel}","templated":true}]}}