{"id":8015,"date":"2017-04-10T16:21:29","date_gmt":"2017-04-10T16:21:29","guid":{"rendered":""},"modified":"2017-04-10T16:21:29","modified_gmt":"2017-04-10T16:21:29","slug":"reconstruir-peru-costara-entre-2-000-y-3-000-millones","status":"publish","type":"post","link":"https:\/\/sertv.gob.pa\/crisolfm\/reconstruir-peru-costara-entre-2-000-y-3-000-millones\/","title":{"rendered":"Reconstruir Per\u00fa costar\u00e1 entre $2,000 y $3,000 millones"},"content":{"rendered":"<p>\nEl presidente de Per\u00fa, Pedro Pablo Kuczynski, estim\u00f3 que la reconstrucci\u00f3n inmediata en el pa\u00eds, luego del colapso de carreteras, puentes, viviendas y escuelas ocasionado por las inundaciones, costar\u00e1 entre $2,000 y $3,000 millones. <\/p>\n<p>En entrevista con RPP Noticias, el mandatario a\u00f1adi\u00f3 que Per\u00fa ha vivido un fen\u00f3meno de El Ni\u00f1o costero que no estaba previsto y sus estragos han sido grandes, en vista a los 106 fallecidos y m\u00e1s de 155 mil damnificados en todo el territorio. <\/p>\n<p>&lsquo;Tenemos que prepararnos porque habr\u00e1 otros &lsquo;Ni\u00f1os&#8217;, sobre todo en esta \u00e9poca de cambio clim\u00e1tico y calentamiento global. Tenemos que no solo reconstruir, sino construir mejor&#8217;, remarc\u00f3 Kuczynski. <\/p>\n<p>Las obras de rehabilitaci\u00f3n m\u00e1s urgentes y de atenci\u00f3n a los damnificados tomar\u00e1n algunos meses, &lsquo;despu\u00e9s vendr\u00e1 la rehabilitaci\u00f3n, que consiste en mejores sistemas de agua potable, planeamiento de nuevas zonas de vivienda, y luego la reconstrucci\u00f3n&#8217;, que tomar\u00e1 unos quince a\u00f1os, agreg\u00f3 el mandatario. <\/p>\n<p>El presidente peruano rechaz\u00f3 que la reconstrucci\u00f3n vaya a tener un costo de $15 mil millones, como declar\u00f3 el ministro de Defensa, Jorge Nieto, tras reunirse con empresarios asi\u00e1ticos de construcci\u00f3n. <\/p>\n<p>En todo el pa\u00eds hay m\u00e1s de 18 mil casas destruidas, mientras que 16 mil quedaron inhabitables y otros 210 mil inmuebles igualmente sufrieron da\u00f1os, pero se podr\u00edan rehabilitar. <\/p>\n<p>Los eventos naturales tambi\u00e9n destruyeron 49 escuelas y 13 centros de salud, y dejaron en condici\u00f3n irrecuperable otros 106 colegios y 25 establecimientos de salud. <\/p>\n<p>El embate clim\u00e1tico y sus consecuencias destruy\u00f3 alrededor de 2,500 kil\u00f3metros de carreteras, 281 puentes y provoc\u00f3 la p\u00e9rdida de m\u00e1s de 28 mil hect\u00e1reas de cultivos agr\u00edcolas. <\/p>\n<p>\u00a0 <\/p>\n","protected":false},"excerpt":{"rendered":"<p>El presidente de Per\u00fa, Pedro Pablo Kuczynski, estim\u00f3 que la <a href=\"https:\/\/sertv.gob.pa\/crisolfm\/reconstruir-peru-costara-entre-2-000-y-3-000-millones\/\"> [&#8230;]<\/a><\/p>\n","protected":false},"author":1,"featured_media":8016,"comment_status":"closed","ping_status":"closed","sticky":false,"template":"","format":"standard","meta":{"footnotes":""},"categories":[7],"tags":[],"class_list":["post-8015","post","type-post","status-publish","format-standard","has-post-thumbnail","hentry","category-ecologicas"],"_links":{"self":[{"href":"https:\/\/sertv.gob.pa\/crisolfm\/wp-json\/wp\/v2\/posts\/8015","targetHints":{"allow":["GET"]}}],"collection":[{"href":"https:\/\/sertv.gob.pa\/crisolfm\/wp-json\/wp\/v2\/posts"}],"about":[{"href":"https:\/\/sertv.gob.pa\/crisolfm\/wp-json\/wp\/v2\/types\/post"}],"author":[{"embeddable":true,"href":"https:\/\/sertv.gob.pa\/crisolfm\/wp-json\/wp\/v2\/users\/1"}],"replies":[{"embeddable":true,"href":"https:\/\/sertv.gob.pa\/crisolfm\/wp-json\/wp\/v2\/comments?post=8015"}],"version-history":[{"count":0,"href":"https:\/\/sertv.gob.pa\/crisolfm\/wp-json\/wp\/v2\/posts\/8015\/revisions"}],"wp:featuredmedia":[{"embeddable":true,"href":"https:\/\/sertv.gob.pa\/crisolfm\/wp-json\/wp\/v2\/media\/8016"}],"wp:attachment":[{"href":"https:\/\/sertv.gob.pa\/crisolfm\/wp-json\/wp\/v2\/media?parent=8015"}],"wp:term":[{"taxonomy":"category","embeddable":true,"href":"https:\/\/sertv.gob.pa\/crisolfm\/wp-json\/wp\/v2\/categories?post=8015"},{"taxonomy":"post_tag","embeddable":true,"href":"https:\/\/sertv.gob.pa\/crisolfm\/wp-json\/wp\/v2\/tags?post=8015"}],"curies":[{"name":"wp","href":"https:\/\/api.w.org\/{rel}","templated":true}]}}