{"id":8027,"date":"2017-04-11T16:26:32","date_gmt":"2017-04-11T16:26:32","guid":{"rendered":""},"modified":"2017-04-11T16:26:32","modified_gmt":"2017-04-11T16:26:32","slug":"libro-estudia-mamiferos-en-reserva-amazonica-de-ecuador","status":"publish","type":"post","link":"https:\/\/sertv.gob.pa\/crisolfm\/libro-estudia-mamiferos-en-reserva-amazonica-de-ecuador\/","title":{"rendered":"Libro estudia mam\u00edferos en reserva amaz\u00f3nica de Ecuador"},"content":{"rendered":"<p>\nUn libro recoge informaci\u00f3n de 54 especies de mam\u00edferos en la Reserva del r\u00edo Bigal, en la Amazon\u00eda de Ecuador, cuyo ecosistema &lsquo;est\u00e1 completo&#8217;, seg\u00fan los estudios de sus autores, el franc\u00e9s Thierry Garc\u00eda y el bi\u00f3logo ecuatoriano Diego Tirira. <\/p>\n<p>&lsquo;Mam\u00edferos de la Reserva Biol\u00f3gica del R\u00edo Bigal, Amazon\u00eda de Ecuador. Gu\u00eda de Campo&#8217;, es un estudio de esas especies en las estribaciones orientales de los Andes ecuatorianos, muy cerca del Parque Nacional Sumaco, declarado Reserva de la Biosfera por la Unesco. <\/p>\n<p>La Reserva, financiada con fondos franceses, funciona por medio de la Fundaci\u00f3n &lsquo;Sumac Muyu&#8217;, expres\u00f3 Tirira, explicando que en 2009 unos &lsquo;so\u00f1adores franceses&#8217; llegaron a Ecuador en busca de un sitio donde preservar la naturaleza del pa\u00eds, para lo cual compraron inicialmente sesenta hect\u00e1reas y actualmente cuentan ya con cerca de cuatrocientas. <\/p>\n<p>\u00a0 <\/p>\n","protected":false},"excerpt":{"rendered":"<p>Un libro recoge informaci\u00f3n de 54 especies de mam\u00edferos en <a href=\"https:\/\/sertv.gob.pa\/crisolfm\/libro-estudia-mamiferos-en-reserva-amazonica-de-ecuador\/\"> [&#8230;]<\/a><\/p>\n","protected":false},"author":1,"featured_media":8028,"comment_status":"closed","ping_status":"closed","sticky":false,"template":"","format":"standard","meta":{"footnotes":""},"categories":[7],"tags":[],"class_list":["post-8027","post","type-post","status-publish","format-standard","has-post-thumbnail","hentry","category-ecologicas"],"_links":{"self":[{"href":"https:\/\/sertv.gob.pa\/crisolfm\/wp-json\/wp\/v2\/posts\/8027","targetHints":{"allow":["GET"]}}],"collection":[{"href":"https:\/\/sertv.gob.pa\/crisolfm\/wp-json\/wp\/v2\/posts"}],"about":[{"href":"https:\/\/sertv.gob.pa\/crisolfm\/wp-json\/wp\/v2\/types\/post"}],"author":[{"embeddable":true,"href":"https:\/\/sertv.gob.pa\/crisolfm\/wp-json\/wp\/v2\/users\/1"}],"replies":[{"embeddable":true,"href":"https:\/\/sertv.gob.pa\/crisolfm\/wp-json\/wp\/v2\/comments?post=8027"}],"version-history":[{"count":0,"href":"https:\/\/sertv.gob.pa\/crisolfm\/wp-json\/wp\/v2\/posts\/8027\/revisions"}],"wp:featuredmedia":[{"embeddable":true,"href":"https:\/\/sertv.gob.pa\/crisolfm\/wp-json\/wp\/v2\/media\/8028"}],"wp:attachment":[{"href":"https:\/\/sertv.gob.pa\/crisolfm\/wp-json\/wp\/v2\/media?parent=8027"}],"wp:term":[{"taxonomy":"category","embeddable":true,"href":"https:\/\/sertv.gob.pa\/crisolfm\/wp-json\/wp\/v2\/categories?post=8027"},{"taxonomy":"post_tag","embeddable":true,"href":"https:\/\/sertv.gob.pa\/crisolfm\/wp-json\/wp\/v2\/tags?post=8027"}],"curies":[{"name":"wp","href":"https:\/\/api.w.org\/{rel}","templated":true}]}}