{"id":8057,"date":"2017-04-17T15:36:06","date_gmt":"2017-04-17T15:36:06","guid":{"rendered":""},"modified":"2017-04-17T15:36:06","modified_gmt":"2017-04-17T15:36:06","slug":"volcan-poas-produce-erupciones-de-corta-duracion","status":"publish","type":"post","link":"https:\/\/sertv.gob.pa\/crisolfm\/volcan-poas-produce-erupciones-de-corta-duracion\/","title":{"rendered":"Volc\u00e1n Po\u00e1s produce erupciones de corta duraci\u00f3n"},"content":{"rendered":"<p>\nEl volc\u00e1n Po\u00e1s de Costa Rica, localizado a unos 60 kil\u00f3metros al noroeste de la capital, mantiene &lsquo;erupciones frecuentes y de corta duraci\u00f3n&#8217;, inform\u00f3 \u00a0una fuente oficial. <\/p>\n<p>Un reporte del Observatorio Vulcanol\u00f3gico y Sismol\u00f3gico de Costa Rica (Ovsicori) se\u00f1ala que el volc\u00e1n registra un tremor constante y de amplitud variable entre &lsquo;moderada y baja&#8217;. <\/p>\n<p>El Po\u00e1s es visitado anualmente por miles de turistas, atra\u00eddos por su cercan\u00eda a San Jos\u00e9, su laguna de agua turquesa y su gigantesco cr\u00e1ter, que se ubica a unos 350 metros de profundidad. <\/p>\n<p>El Parque Nacional Volc\u00e1n Po\u00e1s estar\u00e1 cerrado hasta que las autoridades confirmen que la actividad del coloso ha disminuido y no representa una amenaza para los turistas. <\/p>\n<p>El Ovsicori inform\u00f3 que desde inicios de 2017 se ha observado un &lsquo;aumento sustancial&#8217; en la actividad s\u00edsmica, en la tasa de emisi\u00f3n de gases magm\u00e1ticos y vapor de agua, as\u00ed como un &lsquo;nivel importante&#8217; de deformaci\u00f3n en algunas partes del cr\u00e1ter. <\/p>\n<p>\u00a0 <\/p>\n","protected":false},"excerpt":{"rendered":"<p>El volc\u00e1n Po\u00e1s de Costa Rica, localizado a unos 60 <a href=\"https:\/\/sertv.gob.pa\/crisolfm\/volcan-poas-produce-erupciones-de-corta-duracion\/\"> [&#8230;]<\/a><\/p>\n","protected":false},"author":1,"featured_media":8058,"comment_status":"closed","ping_status":"closed","sticky":false,"template":"","format":"standard","meta":{"footnotes":""},"categories":[7],"tags":[],"class_list":["post-8057","post","type-post","status-publish","format-standard","has-post-thumbnail","hentry","category-ecologicas"],"_links":{"self":[{"href":"https:\/\/sertv.gob.pa\/crisolfm\/wp-json\/wp\/v2\/posts\/8057","targetHints":{"allow":["GET"]}}],"collection":[{"href":"https:\/\/sertv.gob.pa\/crisolfm\/wp-json\/wp\/v2\/posts"}],"about":[{"href":"https:\/\/sertv.gob.pa\/crisolfm\/wp-json\/wp\/v2\/types\/post"}],"author":[{"embeddable":true,"href":"https:\/\/sertv.gob.pa\/crisolfm\/wp-json\/wp\/v2\/users\/1"}],"replies":[{"embeddable":true,"href":"https:\/\/sertv.gob.pa\/crisolfm\/wp-json\/wp\/v2\/comments?post=8057"}],"version-history":[{"count":0,"href":"https:\/\/sertv.gob.pa\/crisolfm\/wp-json\/wp\/v2\/posts\/8057\/revisions"}],"wp:featuredmedia":[{"embeddable":true,"href":"https:\/\/sertv.gob.pa\/crisolfm\/wp-json\/wp\/v2\/media\/8058"}],"wp:attachment":[{"href":"https:\/\/sertv.gob.pa\/crisolfm\/wp-json\/wp\/v2\/media?parent=8057"}],"wp:term":[{"taxonomy":"category","embeddable":true,"href":"https:\/\/sertv.gob.pa\/crisolfm\/wp-json\/wp\/v2\/categories?post=8057"},{"taxonomy":"post_tag","embeddable":true,"href":"https:\/\/sertv.gob.pa\/crisolfm\/wp-json\/wp\/v2\/tags?post=8057"}],"curies":[{"name":"wp","href":"https:\/\/api.w.org\/{rel}","templated":true}]}}