{"id":8087,"date":"2017-04-19T15:22:01","date_gmt":"2017-04-19T15:22:01","guid":{"rendered":""},"modified":"2017-04-19T15:22:01","modified_gmt":"2017-04-19T15:22:01","slug":"reserva-de-la-biosfera-maya-amenazada-por-incendios","status":"publish","type":"post","link":"https:\/\/sertv.gob.pa\/crisolfm\/reserva-de-la-biosfera-maya-amenazada-por-incendios\/","title":{"rendered":"Reserva de la Biosfera Maya amenazada por incendios"},"content":{"rendered":"<p>\nUn total de 19 incendios, 2 de ellos bajo control, continuaron amenazando la Reserva de la Biosfera Maya de Guatemala, uno de los \u00faltimos pulmones ambientales de Am\u00e9rica que se est\u00e1 consumiendo poco a poco por las llamas. <\/p>\n<p>El Consejo Nacional de \u00c1reas Protegidas (Conap) se\u00f1al\u00f3 que hasta la fecha hay 19 focos, 17 de ellos sin control, que han quemado unas 1,500 hect\u00e1reas de terreno en las \u00e1reas de El Burra, 500 en el Tri\u00e1ngulo Candelaria y 15 en el Biotopo el Zotz, San Miguel La Palotada. <\/p>\n<p>Unas 350 personas, entre bomberos forestales, guardabosques, militares y voluntarios, contin\u00faan trabajando en el sitio, en el que colabora un helic\u00f3ptero antincendios de M\u00e9xico. <\/p>\n<p>Los da\u00f1os que provocan los incendios a la biodiversidad son &lsquo;irreversibles, incuantificables e invaluables&#8217;, tanto por la p\u00e9rdida de Patrimonio Cultural y Natural como por la p\u00e9rdida de vida silvestre, flora y fauna. <\/p>\n<p>Igualmente el suelo est\u00e1 sufriendo da\u00f1os por la erosi\u00f3n y la liberaci\u00f3n del di\u00f3xido de carbono que aumenta &lsquo;la contaminaci\u00f3n y acelera el cambio clim\u00e1tico&#8217;. <\/p>\n<p>Los incendios est\u00e1n arrasando con la cobertura forestal y los pastizales, entre estos los \u00e1rboles en los que anida la guacamaya roja, una especie en riesgo de extinci\u00f3n que se est\u00e1 viendo amenazada, junto con el jaguar y otros animales. <\/p>\n<p>La Reserva de la Biosfera Maya, en el departamento m\u00e1s septentrional de Pet\u00e9n en Guatemala, abarca m\u00e1s de dos millones de hect\u00e1reas de selva tropical de tierras bajas y monta\u00f1osas, y forma parte del bosque tropical que se expande en M\u00e9xico y Belice, una de las mayores extensiones de bosque tropical de la regi\u00f3n. <\/p>\n<p>Esta \u00e1rea es conocida por sus niveles particularmente altos de biodiversidad, hogar de jaguares, pumas, ocelotes, monos aulladores o tortugas de agua dulce, entre muchas otras especies. <\/p>\n<p>\u00a0 <\/p>\n","protected":false},"excerpt":{"rendered":"<p>Un total de 19 incendios, 2 de ellos bajo control, <a href=\"https:\/\/sertv.gob.pa\/crisolfm\/reserva-de-la-biosfera-maya-amenazada-por-incendios\/\"> [&#8230;]<\/a><\/p>\n","protected":false},"author":1,"featured_media":8088,"comment_status":"closed","ping_status":"closed","sticky":false,"template":"","format":"standard","meta":{"footnotes":""},"categories":[7],"tags":[],"class_list":["post-8087","post","type-post","status-publish","format-standard","has-post-thumbnail","hentry","category-ecologicas"],"_links":{"self":[{"href":"https:\/\/sertv.gob.pa\/crisolfm\/wp-json\/wp\/v2\/posts\/8087","targetHints":{"allow":["GET"]}}],"collection":[{"href":"https:\/\/sertv.gob.pa\/crisolfm\/wp-json\/wp\/v2\/posts"}],"about":[{"href":"https:\/\/sertv.gob.pa\/crisolfm\/wp-json\/wp\/v2\/types\/post"}],"author":[{"embeddable":true,"href":"https:\/\/sertv.gob.pa\/crisolfm\/wp-json\/wp\/v2\/users\/1"}],"replies":[{"embeddable":true,"href":"https:\/\/sertv.gob.pa\/crisolfm\/wp-json\/wp\/v2\/comments?post=8087"}],"version-history":[{"count":0,"href":"https:\/\/sertv.gob.pa\/crisolfm\/wp-json\/wp\/v2\/posts\/8087\/revisions"}],"wp:featuredmedia":[{"embeddable":true,"href":"https:\/\/sertv.gob.pa\/crisolfm\/wp-json\/wp\/v2\/media\/8088"}],"wp:attachment":[{"href":"https:\/\/sertv.gob.pa\/crisolfm\/wp-json\/wp\/v2\/media?parent=8087"}],"wp:term":[{"taxonomy":"category","embeddable":true,"href":"https:\/\/sertv.gob.pa\/crisolfm\/wp-json\/wp\/v2\/categories?post=8087"},{"taxonomy":"post_tag","embeddable":true,"href":"https:\/\/sertv.gob.pa\/crisolfm\/wp-json\/wp\/v2\/tags?post=8087"}],"curies":[{"name":"wp","href":"https:\/\/api.w.org\/{rel}","templated":true}]}}