{"id":8141,"date":"2017-04-25T15:46:55","date_gmt":"2017-04-25T15:46:55","guid":{"rendered":""},"modified":"2017-04-25T15:46:55","modified_gmt":"2017-04-25T15:46:55","slug":"galicia-debe-suspender-los-permisos-a-circos-con-animales","status":"publish","type":"post","link":"https:\/\/sertv.gob.pa\/crisolfm\/galicia-debe-suspender-los-permisos-a-circos-con-animales\/","title":{"rendered":"Galicia debe suspender los permisos a circos con animales"},"content":{"rendered":"<p>\nLa Fundaci\u00f3n Franz Weber, a trav\u00e9s de su director para el Sur de Europa, Leonardo Anselmi, y la Asociaci\u00f3n Animalista Libera han reclamado la suspensi\u00f3n de cualquier permiso que la Junta de Galicia haya otorgado en los \u00faltimos meses a circos que emplean animales y que, como el que se encuentra actualmente en las R\u00edas Baixas, someten a los seres vivos a \u00abcondiciones degradantes y antinaturales\u00bb. <\/p>\n<p>La propuesta de ambas organizaciones animalistas se produce despu\u00e9s de que Anselmi se haya reunido en los \u00faltimos d\u00edas con diferentes miembros de gobiernos locales y con grupos pol\u00edticos de A Coru\u00f1a, Pontevedra, Vigo y Lugo, todos ellos municipios declarados &#8216;libres de circos con animales&#8217; desde 2013. <\/p>\n<p>Los animalistas reclaman la suspensi\u00f3n de esta actividad al entender que, no s\u00f3lo \u00abm\u00e1s de 49.000 firmas avalan el fin de esta pr\u00e1ctica de crueldad hacia los animales\u00bb, sino que \u00abson ya 70 las localidades que rechazan los circos que explotan fauna\u00bb. \u00abY el propio Gobierno gallego incluye en su Proyecto de Ley de Bienestar Animal la prohibici\u00f3n de tenencia y uso de especies silvestres para espect\u00e1culos circenses, con sanciones de hasta 30.000 euros en caso de producirse, ya que tendr\u00e1 la consideraci\u00f3n de infracci\u00f3n muy grave\u00bb, han relatado los animalistas en un comunicado. <\/p>\n<p>En este sentido, FFW y Libera han constatado un \u00abimportante apoyo pol\u00edtico y ciudadano\u00bb a la campa\u00f1a que desde hace cuatro a\u00f1os lideran para hacer de los circos con animales \u00abuna pr\u00e1ctica del pasado\u00bb. <\/p>\n<p>\u00a0 <\/p>\n<p>\u00a0 <\/p>\n","protected":false},"excerpt":{"rendered":"<p>La Fundaci\u00f3n Franz Weber, a trav\u00e9s de su director para <a href=\"https:\/\/sertv.gob.pa\/crisolfm\/galicia-debe-suspender-los-permisos-a-circos-con-animales\/\"> [&#8230;]<\/a><\/p>\n","protected":false},"author":1,"featured_media":8142,"comment_status":"closed","ping_status":"closed","sticky":false,"template":"","format":"standard","meta":{"footnotes":""},"categories":[7],"tags":[],"class_list":["post-8141","post","type-post","status-publish","format-standard","has-post-thumbnail","hentry","category-ecologicas"],"_links":{"self":[{"href":"https:\/\/sertv.gob.pa\/crisolfm\/wp-json\/wp\/v2\/posts\/8141","targetHints":{"allow":["GET"]}}],"collection":[{"href":"https:\/\/sertv.gob.pa\/crisolfm\/wp-json\/wp\/v2\/posts"}],"about":[{"href":"https:\/\/sertv.gob.pa\/crisolfm\/wp-json\/wp\/v2\/types\/post"}],"author":[{"embeddable":true,"href":"https:\/\/sertv.gob.pa\/crisolfm\/wp-json\/wp\/v2\/users\/1"}],"replies":[{"embeddable":true,"href":"https:\/\/sertv.gob.pa\/crisolfm\/wp-json\/wp\/v2\/comments?post=8141"}],"version-history":[{"count":0,"href":"https:\/\/sertv.gob.pa\/crisolfm\/wp-json\/wp\/v2\/posts\/8141\/revisions"}],"wp:featuredmedia":[{"embeddable":true,"href":"https:\/\/sertv.gob.pa\/crisolfm\/wp-json\/wp\/v2\/media\/8142"}],"wp:attachment":[{"href":"https:\/\/sertv.gob.pa\/crisolfm\/wp-json\/wp\/v2\/media?parent=8141"}],"wp:term":[{"taxonomy":"category","embeddable":true,"href":"https:\/\/sertv.gob.pa\/crisolfm\/wp-json\/wp\/v2\/categories?post=8141"},{"taxonomy":"post_tag","embeddable":true,"href":"https:\/\/sertv.gob.pa\/crisolfm\/wp-json\/wp\/v2\/tags?post=8141"}],"curies":[{"name":"wp","href":"https:\/\/api.w.org\/{rel}","templated":true}]}}